{"id":1906,"date":"2023-12-14T10:44:19","date_gmt":"2023-12-14T13:44:19","guid":{"rendered":"https:\/\/diarioparanaense.com\/?p=1906"},"modified":"2023-12-14T10:44:19","modified_gmt":"2023-12-14T13:44:19","slug":"farmacias-nissei-doam-protetores-solares-a-ambulantes-do-litoral-paranaense","status":"publish","type":"post","link":"https:\/\/diarioparanaense.com\/?p=1906","title":{"rendered":"Farm\u00e1cias Nissei doam protetores solares \u00e0 ambulantes do litoral paranaense"},"content":{"rendered":"\n<p class=\"has-medium-font-size\">Parceria com a Prefeitura de Guaratuba visa proteger profissionais dos efeitos do sol durante a temporada de ver\u00e3o<\/p>\n\n\n\n<p>Neste m\u00eas, a rede de Farm\u00e1cias Nissei doou protetores solares para mais de 600 ambulantes que trabalham no litoral paranaense durante a temporada de ver\u00e3o. A a\u00e7\u00e3o, realizada em parceria com a Prefeitura de Guaratuba, tamb\u00e9m prev\u00ea a doa\u00e7\u00e3o de guarda-s\u00f3is para proteger os profissionais das doen\u00e7as causadas pelo sol.<\/p>\n\n\n\n<p>O CEO das Farm\u00e1cias Nissei, Alexandre Maeoka, destaca que essa iniciativa segue um dos pilares fundamentais da marca: promover o bem-estar.<\/p>\n\n\n\n<p>&#8220;A distribui\u00e7\u00e3o de protetores no litoral paranaense j\u00e1 acontece h\u00e1 tr\u00eas anos e tem o objetivo de conscientizar sobre a preven\u00e7\u00e3o de doen\u00e7as ligadas \u00e0 exposi\u00e7\u00e3o ao sol. Al\u00e9m disso, buscamos sempre estar pr\u00f3ximos da comunidade em que estamos inseridos, especialmente quando se trata dessa parcela significativa da sociedade, que impulsiona a economia regional durante o ver\u00e3o&#8221;, enfatiza.<\/p>\n\n\n\n<p>O vendedor de empadas, Sidmar de Souza, ressalta a import\u00e2ncia do filtro solar em seu trabalho na areia.<\/p>\n\n\n\n<p>\u201cEssa doa\u00e7\u00e3o que a Nissei faz \u00e9 muito importante, porque sabemos que o c\u00e2ncer de pele atinge muitas pessoas e, al\u00e9m disso, o sol agride muito a pele da gente. Agora, com a prote\u00e7\u00e3o, podemos trabalhar mais seguros\u201d, conta o ambulante.<\/p>\n\n\n\n<p>Al\u00e9m dos protetores solares, os profissionais tamb\u00e9m receberam o certificado de conclus\u00e3o do Programa Mar\u00e9 de Oportunidades, oferecido pelo Sebrae. O curso capacitou os ambulantes em manipula\u00e7\u00e3o de alimentos, finan\u00e7as, neg\u00f3cios e atendimento ao p\u00fablico. Os participantes ainda ganharam um kit que inclu\u00eda bolsa do Sebrae, crach\u00e1 de identifica\u00e7\u00e3o, camisetas e sacolas do \u201cPrograma Praia linda, praia limpa\u201d.<\/p>\n\n\n\n<p class=\"has-medium-font-size\">Sobre as Farm\u00e1cias Nissei<\/p>\n\n\n\n<p>Com mais de 35 anos de tradi\u00e7\u00e3o no mercado paranaense e atua\u00e7\u00e3o nos estados do Paran\u00e1, S\u00e3o Paulo e Santa Catarina, a Nissei \u00e9 considerada a s\u00e9tima maior rede de farm\u00e1cias do pa\u00eds em n\u00famero de lojas, segundo a Abrafarma (Associa\u00e7\u00e3o Brasileira de Redes de Farm\u00e1cias e Drogarias). A rede \u00e9 credenciada do Programa do Governo Federal Farm\u00e1cia Popular, que oferta descontos especiais e at\u00e9 rem\u00e9dios essenciais gratuitos.<\/p>\n\n\n\n<p>A Nissei conta com mais de 370 lojas, que geram mais de 6 mil empregos diretos e atendem a mais de 3,5 milh\u00f5es de clientes por m\u00eas. A rede foi respons\u00e1vel por introduzir o conceito de drugstore no mercado paranaense e oferece ao estado o maior n\u00famero de farm\u00e1cias 24 horas. As lojas s\u00e3o conhecidas por seus espa\u00e7os modernos, de f\u00e1cil localiza\u00e7\u00e3o, amplos estacionamentos, diversidade de produtos e disponibilidade de farmac\u00eauticos qualificados, que promovem o melhor atendimento&nbsp;profissional.<\/p>\n","protected":false},"excerpt":{"rendered":"<p>Parceria com a Prefeitura de Guaratuba visa proteger profissionais dos efeitos do sol durante a temporada de ver\u00e3o Neste m\u00eas, a rede de Farm\u00e1cias Nissei doou protetores solares para mais de 600 ambulantes que trabalham no litoral paranaense durante a temporada de ver\u00e3o. A a\u00e7\u00e3o, realizada em parceria com a Prefeitura de Guaratuba, tamb\u00e9m prev\u00ea [&hellip;]<\/p>\n","protected":false},"author":1,"featured_media":1907,"comment_status":"open","ping_status":"open","sticky":false,"template":"","format":"standard","meta":{"footnotes":""},"categories":[425],"tags":[],"class_list":["post-1906","post","type-post","status-publish","format-standard","has-post-thumbnail","hentry","category-parana"],"_links":{"self":[{"href":"https:\/\/diarioparanaense.com\/index.php?rest_route=\/wp\/v2\/posts\/1906","targetHints":{"allow":["GET"]}}],"collection":[{"href":"https:\/\/diarioparanaense.com\/index.php?rest_route=\/wp\/v2\/posts"}],"about":[{"href":"https:\/\/diarioparanaense.com\/index.php?rest_route=\/wp\/v2\/types\/post"}],"author":[{"embeddable":true,"href":"https:\/\/diarioparanaense.com\/index.php?rest_route=\/wp\/v2\/users\/1"}],"replies":[{"embeddable":true,"href":"https:\/\/diarioparanaense.com\/index.php?rest_route=%2Fwp%2Fv2%2Fcomments&post=1906"}],"version-history":[{"count":1,"href":"https:\/\/diarioparanaense.com\/index.php?rest_route=\/wp\/v2\/posts\/1906\/revisions"}],"predecessor-version":[{"id":1908,"href":"https:\/\/diarioparanaense.com\/index.php?rest_route=\/wp\/v2\/posts\/1906\/revisions\/1908"}],"wp:featuredmedia":[{"embeddable":true,"href":"https:\/\/diarioparanaense.com\/index.php?rest_route=\/wp\/v2\/media\/1907"}],"wp:attachment":[{"href":"https:\/\/diarioparanaense.com\/index.php?rest_route=%2Fwp%2Fv2%2Fmedia&parent=1906"}],"wp:term":[{"taxonomy":"category","embeddable":true,"href":"https:\/\/diarioparanaense.com\/index.php?rest_route=%2Fwp%2Fv2%2Fcategories&post=1906"},{"taxonomy":"post_tag","embeddable":true,"href":"https:\/\/diarioparanaense.com\/index.php?rest_route=%2Fwp%2Fv2%2Ftags&post=1906"}],"curies":[{"name":"wp","href":"https:\/\/api.w.org\/{rel}","templated":true}]}}