{"id":1897,"date":"2023-12-14T08:26:36","date_gmt":"2023-12-14T11:26:36","guid":{"rendered":"https:\/\/diarioparanaense.com\/?p=1897"},"modified":"2023-12-14T08:26:36","modified_gmt":"2023-12-14T11:26:36","slug":"licitacao-ganha-espaco-nas-empresas-de-pequeno-porte","status":"publish","type":"post","link":"https:\/\/diarioparanaense.com\/?p=1897","title":{"rendered":"Licita\u00e7\u00e3o ganha espa\u00e7o nas empresas de pequeno porte"},"content":{"rendered":"\n<p class=\"has-medium-font-size\">Com v\u00e1rios benef\u00edcios voltados para eles, licita\u00e7\u00e3o est\u00e1 em voga com micro e pequenos empres\u00e1rios<\/p>\n\n\n\n<p>A licita\u00e7\u00e3o vem ganhando espa\u00e7o, principalmente ap\u00f3s nova lei sobre contratos e licita\u00e7\u00f5es. A ado\u00e7\u00e3o de diversos benef\u00edcios legais e tratamento privilegiado para as empresas de menor porte \u00e9 outro fator estimulante da participa\u00e7\u00e3o dessas empresas nas licita\u00e7\u00f5es.<\/p>\n\n\n\n<p>Essa Lei de Licita\u00e7\u00e3o e Contratos Administrativos traz diversas mudan\u00e7as e por isso o poder p\u00fablico est\u00e1 buscando fazer o m\u00e1ximo de licita\u00e7\u00f5es ainda na vig\u00eancia da antiga lei, 8.666\/93, conhecida h\u00e1 anos de quem atua no ramo.<\/p>\n\n\n\n<p>S\u00f3cia do escrit\u00f3rio Caminatti e Dangui especializada em direito p\u00fablico e licita\u00e7\u00f5es, a Doutora Sheila Carminatti, conta sobre, \u201cNestes sete anos, j\u00e1 vi empresas duplicarem seus faturamentos atuando com licita\u00e7\u00f5es, assim como j\u00e1 vi empresas fechando as portas devido a erros que poderiam ser evitados. A\u00ed entra a assessoria jur\u00eddica em licita\u00e7\u00f5es, que vai desde a an\u00e1lise do edital, passando por todo o processo licitat\u00f3rio, at\u00e9 o cumprimento e pagamento do contrato administrativo\u201d.<\/p>\n\n\n\n<p>Conhecendo os dois lados, tanto da administra\u00e7\u00e3o p\u00fablica quanto das empresas, Sheila tem uma vis\u00e3o abrangente sobre o tema, \u201cA assessoria jur\u00eddica especificamente voltada para micro e pequenos empres\u00e1rios que participam em licita\u00e7\u00f5es busca auxiliar essas empresas em todas as d\u00favidas jur\u00eddicas e problemas legais do dia a dia. \u00c9 imprescind\u00edvel a aten\u00e7\u00e3o integral ao cliente, acompanhando-o em todas as etapas, desde o contrato, representa\u00e7\u00e3o administrativa e discuss\u00e3o judicial quando necess\u00e1ria\u201d.<\/p>\n\n\n\n<p>Com uma assessoria jur\u00eddica eficiente \u00e9 poss\u00edvel promover defesas contra recursos de concorrentes, impugnar editais, pedir reequil\u00edbrio dos contratos, apresentar recursos contra outras licitantes, promover cobran\u00e7a de valores inadimplidos, evitar multas e outras penalidades contratuais, dentre outros, por isso essa assessoria jur\u00eddica acaba sendo uma \u201cm\u00e3o na roda\u201d para o pequeno empres\u00e1rio.<\/p>\n\n\n\n<p>\u201cO mercado das compras p\u00fablicas \u00e9 bilion\u00e1rio e est\u00e1 sempre aquecido, n\u00e3o h\u00e1 necessidade de gastos com marketing e os valores pagos pelo poder p\u00fablico s\u00e3o atrativos, al\u00e9m de o pequeno empres\u00e1rio ter uma s\u00e9rie de privil\u00e9gios nas licita\u00e7\u00f5es, por isso vale muito a pena licitar e contar com uma assessoria jur\u00eddica para evitar quaisquer riscos &#8220;, diz Sheila.<\/p>\n\n\n\n<p class=\"has-medium-font-size\">Servi\u00e7o: Carminatti&amp;Dangui<\/p>\n\n\n\n<p><strong><em>Dra. Sheila Carminatti<\/em><\/strong><\/p>\n\n\n\n<p>Advogada especialista em Direito P\u00fablico e Licita\u00e7\u00f5es<\/p>\n\n\n\n<p><a href=\"https:\/\/www.instagram.com\/carminattidanguiadv\/\">https:\/\/www.instagram.com\/carminattidanguiadv\/<\/a><\/p>\n\n\n\n<p><a href=\"https:\/\/carminattidangui.adv.br\/\">https:\/\/carminattidangui.adv.br\/<\/a><\/p>\n\n\n\n<p>contato@carminattidangui.adv.br<\/p>\n\n\n\n<p>Av. Candido de Abreu, 660, CJ 703 \u2013 Edif\u00edcio Palladion \u2013 Centro C\u00edvico&nbsp;Curitiba\/PR.<\/p>\n","protected":false},"excerpt":{"rendered":"<p>Com v\u00e1rios benef\u00edcios voltados para eles, licita\u00e7\u00e3o est\u00e1 em voga com micro e pequenos empres\u00e1rios A licita\u00e7\u00e3o vem ganhando espa\u00e7o, principalmente ap\u00f3s nova lei sobre contratos e licita\u00e7\u00f5es. A ado\u00e7\u00e3o de diversos benef\u00edcios legais e tratamento privilegiado para as empresas de menor porte \u00e9 outro fator estimulante da participa\u00e7\u00e3o dessas empresas nas licita\u00e7\u00f5es. Essa Lei [&hellip;]<\/p>\n","protected":false},"author":1,"featured_media":1898,"comment_status":"open","ping_status":"open","sticky":false,"template":"","format":"standard","meta":{"footnotes":""},"categories":[29],"tags":[],"class_list":["post-1897","post","type-post","status-publish","format-standard","has-post-thumbnail","hentry","category-artigos"],"_links":{"self":[{"href":"https:\/\/diarioparanaense.com\/index.php?rest_route=\/wp\/v2\/posts\/1897","targetHints":{"allow":["GET"]}}],"collection":[{"href":"https:\/\/diarioparanaense.com\/index.php?rest_route=\/wp\/v2\/posts"}],"about":[{"href":"https:\/\/diarioparanaense.com\/index.php?rest_route=\/wp\/v2\/types\/post"}],"author":[{"embeddable":true,"href":"https:\/\/diarioparanaense.com\/index.php?rest_route=\/wp\/v2\/users\/1"}],"replies":[{"embeddable":true,"href":"https:\/\/diarioparanaense.com\/index.php?rest_route=%2Fwp%2Fv2%2Fcomments&post=1897"}],"version-history":[{"count":1,"href":"https:\/\/diarioparanaense.com\/index.php?rest_route=\/wp\/v2\/posts\/1897\/revisions"}],"predecessor-version":[{"id":1899,"href":"https:\/\/diarioparanaense.com\/index.php?rest_route=\/wp\/v2\/posts\/1897\/revisions\/1899"}],"wp:featuredmedia":[{"embeddable":true,"href":"https:\/\/diarioparanaense.com\/index.php?rest_route=\/wp\/v2\/media\/1898"}],"wp:attachment":[{"href":"https:\/\/diarioparanaense.com\/index.php?rest_route=%2Fwp%2Fv2%2Fmedia&parent=1897"}],"wp:term":[{"taxonomy":"category","embeddable":true,"href":"https:\/\/diarioparanaense.com\/index.php?rest_route=%2Fwp%2Fv2%2Fcategories&post=1897"},{"taxonomy":"post_tag","embeddable":true,"href":"https:\/\/diarioparanaense.com\/index.php?rest_route=%2Fwp%2Fv2%2Ftags&post=1897"}],"curies":[{"name":"wp","href":"https:\/\/api.w.org\/{rel}","templated":true}]}}