{"id":1891,"date":"2023-12-13T17:50:52","date_gmt":"2023-12-13T20:50:52","guid":{"rendered":"https:\/\/diarioparanaense.com\/?p=1891"},"modified":"2023-12-13T17:50:53","modified_gmt":"2023-12-13T20:50:53","slug":"visagismo-impondo-respeito-com-elegancia","status":"publish","type":"post","link":"https:\/\/diarioparanaense.com\/?p=1891","title":{"rendered":"Visagismo: Impondo Respeito com Eleg\u00e2ncia"},"content":{"rendered":"\n<p class=\"has-medium-font-size\">Como a maquiagem pode te ajudar na sua vida pessoal e profissional<\/p>\n\n\n\n<p>No mundo empresarial a apar\u00eancia \u00e9 nosso cart\u00e3o de visitas, antes mesmo de conhecer algu\u00e9m j\u00e1 julgamos sua personalidade por tra\u00e7os do rosto e escolhemos como nos portar, que assunto falar ou at\u00e9 mesmo se devemos nos aproximar. Muitas pessoas n\u00e3o est\u00e3o satisfeitas com seus tra\u00e7os naturais pois as fazem parecer jovens demais ou irritadas o tempo inteiro.<\/p>\n\n\n\n<p>Para resolver este problema o visagismo foi criado, uma t\u00e9cnica de maquiagem focada em real\u00e7ar as qualidades desejadas e esconder certas caracter\u00edsticas que atrapalham sua imagem e sua presen\u00e7a.<\/p>\n\n\n\n<p>Para explicar melhor trouxemos Evelyn Viana especialista em visagismo que diz &#8220;A escolha do l\u00e1pis de olho desempenha um papel crucial. O l\u00e1pis preto destaca olhos grandes, ajudando com olhos ca\u00eddos e tirando aquela constante express\u00e3o de cansa\u00e7o deste tipo de olho, enquanto o branco destaca os olhos, ajudando a ter um olhar mais vivido e altivo&#8221;<\/p>\n\n\n\n<p>O delineado gatinho traz um ar de sensualidade e beleza, mas nem sempre se encaixa em todos os tipos de olhos. Ele valoriza os olhos com espa\u00e7o de p\u00e1lpebra m\u00f3vel, ampliando visualmente olhos estreitos, essa sensa\u00e7\u00e3o de beleza e poder traz confian\u00e7a a quem o usa.<\/p>\n\n\n\n<p>&#8220;Os contornos do rosto s\u00e3o fundamentais para proporcionar equil\u00edbrio e propor\u00e7\u00e3o. Reduzem \u00e1reas que necessitam de menos destaque e elevam os pontos estrat\u00e9gicos para real\u00e7ar a beleza natural. A t\u00e9cnica de ilumina\u00e7\u00e3o, por sua vez, destaca e amplia as \u00e1reas aplicadas, conferindo uma apar\u00eancia radiante e luminosa.&#8221; Diz a especialista<\/p>\n\n\n\n<p>Os tons do rosto tamb\u00e9m s\u00e3o uma preocupa\u00e7\u00e3o, pois sabendo dele \u00e9 poss\u00edvel se vestir de forma a favorecer a maquiagem e a pr\u00f3pria pele, fazendo com que a vestimenta pare\u00e7a ter sido feita para voc\u00ea.<\/p>\n\n\n\n<p>A maquiagem n\u00e3o apenas ressalta a beleza exterior, mas tamb\u00e9m empodera e eleva a confian\u00e7a, permitindo que a presen\u00e7a se destaque com eleg\u00e2ncia e assertividade.<\/p>\n\n\n\n<p><strong>Servi\u00e7o: Evelyn Viana<br><\/strong>Maquiadora Visagista<br>+55 41992440612<br>@evyvianabeauty<br><strong>Studio<\/strong>: Marechal Rondon 90, sala\u00a05,\u00a0Cap\u00e3o\u00a0Raso<\/p>\n","protected":false},"excerpt":{"rendered":"<p>Como a maquiagem pode te ajudar na sua vida pessoal e profissional No mundo empresarial a apar\u00eancia \u00e9 nosso cart\u00e3o de visitas, antes mesmo de conhecer algu\u00e9m j\u00e1 julgamos sua personalidade por tra\u00e7os do rosto e escolhemos como nos portar, que assunto falar ou at\u00e9 mesmo se devemos nos aproximar. Muitas pessoas n\u00e3o est\u00e3o satisfeitas [&hellip;]<\/p>\n","protected":false},"author":1,"featured_media":1892,"comment_status":"open","ping_status":"open","sticky":false,"template":"","format":"standard","meta":{"footnotes":""},"categories":[29,424],"tags":[],"class_list":["post-1891","post","type-post","status-publish","format-standard","has-post-thumbnail","hentry","category-artigos","category-curitiba"],"_links":{"self":[{"href":"https:\/\/diarioparanaense.com\/index.php?rest_route=\/wp\/v2\/posts\/1891","targetHints":{"allow":["GET"]}}],"collection":[{"href":"https:\/\/diarioparanaense.com\/index.php?rest_route=\/wp\/v2\/posts"}],"about":[{"href":"https:\/\/diarioparanaense.com\/index.php?rest_route=\/wp\/v2\/types\/post"}],"author":[{"embeddable":true,"href":"https:\/\/diarioparanaense.com\/index.php?rest_route=\/wp\/v2\/users\/1"}],"replies":[{"embeddable":true,"href":"https:\/\/diarioparanaense.com\/index.php?rest_route=%2Fwp%2Fv2%2Fcomments&post=1891"}],"version-history":[{"count":1,"href":"https:\/\/diarioparanaense.com\/index.php?rest_route=\/wp\/v2\/posts\/1891\/revisions"}],"predecessor-version":[{"id":1893,"href":"https:\/\/diarioparanaense.com\/index.php?rest_route=\/wp\/v2\/posts\/1891\/revisions\/1893"}],"wp:featuredmedia":[{"embeddable":true,"href":"https:\/\/diarioparanaense.com\/index.php?rest_route=\/wp\/v2\/media\/1892"}],"wp:attachment":[{"href":"https:\/\/diarioparanaense.com\/index.php?rest_route=%2Fwp%2Fv2%2Fmedia&parent=1891"}],"wp:term":[{"taxonomy":"category","embeddable":true,"href":"https:\/\/diarioparanaense.com\/index.php?rest_route=%2Fwp%2Fv2%2Fcategories&post=1891"},{"taxonomy":"post_tag","embeddable":true,"href":"https:\/\/diarioparanaense.com\/index.php?rest_route=%2Fwp%2Fv2%2Ftags&post=1891"}],"curies":[{"name":"wp","href":"https:\/\/api.w.org\/{rel}","templated":true}]}}