{"id":1888,"date":"2023-12-13T17:41:48","date_gmt":"2023-12-13T20:41:48","guid":{"rendered":"https:\/\/diarioparanaense.com\/?p=1888"},"modified":"2023-12-13T17:41:48","modified_gmt":"2023-12-13T20:41:48","slug":"problemas-no-sono-consulte-um-dentista","status":"publish","type":"post","link":"https:\/\/diarioparanaense.com\/?p=1888","title":{"rendered":"Problemas no sono? Consulte um dentista"},"content":{"rendered":"\n<p class=\"has-medium-font-size\">Descubra a Odontologia do Sono e como ela pode como ela pode ser uma op\u00e7\u00e3o eficaz para o tratamento de dist\u00farbios respirat\u00f3rios durante o sono<\/p>\n\n\n\n<p>Quando se trata de dist\u00farbios respirat\u00f3rios do sono, como a apneia obstrutiva do sono e o ronco, muitas vezes n\u00e3o se pensa em um dentista como o profissional adequado para o diagn\u00f3stico e tratamento. No entanto, a Dra. Alessandra Kuskoski, com habilita\u00e7\u00f5es em Odontologia do Sono, destaca que a forma\u00e7\u00e3o acad\u00eamica dos dentistas, somadas a capacita\u00e7\u00f5es em \u00e1rea da Medicina do Sono, os capacita a lidar com as quest\u00f5es relacionadas a anatomia da boca, mand\u00edbula e garganta, que est\u00e3o diretamente ligadas a esses dist\u00farbios. &#8220;Como muitos dos dist\u00farbios respirat\u00f3rios do sono est\u00e3o relacionados \u00e0 forma\u00e7\u00e3o esquel\u00e9tica da face, oclus\u00e3o dos dentes e as estruturas dos tecidos moles da regi\u00e3o orofacial, como a l\u00edngua, o palato mole e a \u00favula, estamos aptos a oferecer um tratamento eficaz e seguro por conta do nosso conhecimento aprofundado nessas \u00e1reas&#8221;, afirma a especialista.<\/p>\n\n\n\n<p>Especialista em Ortodontia e Ortopedia Orofacial, a Dra. Alessandra Kuskoski \u00e9 uma profissional qualificada em odontologia miofuncional, com credenciamento pela Myobrace, uma empresa australiana presente em mais de 100 pa\u00edses. Al\u00e9m disso, ela \u00e9 membro da Associa\u00e7\u00e3o Brasileira do Sono (ABSONO) e da Associa\u00e7\u00e3o Brasileira de Odontologia do Sono (ABROS). Desde 2014, a Dra. Alessandra dedica-se ao diagn\u00f3stico e tratamento de condi\u00e7\u00f5es de sa\u00fade que afetam o sono de pessoas de todas as idades.<\/p>\n\n\n\n<p>Com a expertise da Dra. Alessandra Kuskoski em Odontologia do Sono, \u00e9 poss\u00edvel tratar uma variedade de condi\u00e7\u00f5es que afetam a qualidade do sono. O ronco, a apneia do sono, o bruxismo e os maus h\u00e1bitos de respira\u00e7\u00e3o bucal s\u00e3o alguns dos problemas mais comuns que podem ser abordados por meio de tratamentos odontol\u00f3gicos especializados. Se voc\u00ea sofre com estas condi\u00e7\u00f5es, n\u00e3o deixe de buscar ajuda profissional para garantir que estes problemas n\u00e3o tragam outros in\u00fameros preju\u00edzos para sua sa\u00fade e bem-estar ao longo da vida.<\/p>\n\n\n\n<p><strong>Servi\u00e7o: Una Odontologia, Sa\u00fade &amp; Bem-Estar<\/strong><\/p>\n\n\n\n<p><strong>Odontologia do Sono<\/strong><\/p>\n\n\n\n<p>Dra. Alessandra Kuskoski Szupka<\/p>\n\n\n\n<p>CRO-PR 21.270<\/p>\n\n\n\n<p>Especialista em Ortodontia, Ortopedia Orofacial &amp; Odontologia Miofuncional<\/p>\n\n\n\n<p>@draalessandraks.ortho<\/p>\n\n\n\n<p>@una.odontosaude<\/p>\n\n\n\n<p>@odontologiadosono.curitiba<\/p>\n\n\n\n<p>41 99825-3199<\/p>\n\n\n\n<p><a href=\"http:\/\/www.odontologiadosono.com\">www.odontologiadosono.com<\/a><\/p>\n\n\n\n<p>Av. Rep\u00fablica Argentina, 1505 | sala 1208,&nbsp;Curitiba\/PR<\/p>\n","protected":false},"excerpt":{"rendered":"<p>Descubra a Odontologia do Sono e como ela pode como ela pode ser uma op\u00e7\u00e3o eficaz para o tratamento de dist\u00farbios respirat\u00f3rios durante o sono Quando se trata de dist\u00farbios respirat\u00f3rios do sono, como a apneia obstrutiva do sono e o ronco, muitas vezes n\u00e3o se pensa em um dentista como o profissional adequado para [&hellip;]<\/p>\n","protected":false},"author":1,"featured_media":1889,"comment_status":"open","ping_status":"open","sticky":false,"template":"","format":"standard","meta":{"footnotes":""},"categories":[29,164],"tags":[],"class_list":["post-1888","post","type-post","status-publish","format-standard","has-post-thumbnail","hentry","category-artigos","category-saude-2"],"_links":{"self":[{"href":"https:\/\/diarioparanaense.com\/index.php?rest_route=\/wp\/v2\/posts\/1888","targetHints":{"allow":["GET"]}}],"collection":[{"href":"https:\/\/diarioparanaense.com\/index.php?rest_route=\/wp\/v2\/posts"}],"about":[{"href":"https:\/\/diarioparanaense.com\/index.php?rest_route=\/wp\/v2\/types\/post"}],"author":[{"embeddable":true,"href":"https:\/\/diarioparanaense.com\/index.php?rest_route=\/wp\/v2\/users\/1"}],"replies":[{"embeddable":true,"href":"https:\/\/diarioparanaense.com\/index.php?rest_route=%2Fwp%2Fv2%2Fcomments&post=1888"}],"version-history":[{"count":1,"href":"https:\/\/diarioparanaense.com\/index.php?rest_route=\/wp\/v2\/posts\/1888\/revisions"}],"predecessor-version":[{"id":1890,"href":"https:\/\/diarioparanaense.com\/index.php?rest_route=\/wp\/v2\/posts\/1888\/revisions\/1890"}],"wp:featuredmedia":[{"embeddable":true,"href":"https:\/\/diarioparanaense.com\/index.php?rest_route=\/wp\/v2\/media\/1889"}],"wp:attachment":[{"href":"https:\/\/diarioparanaense.com\/index.php?rest_route=%2Fwp%2Fv2%2Fmedia&parent=1888"}],"wp:term":[{"taxonomy":"category","embeddable":true,"href":"https:\/\/diarioparanaense.com\/index.php?rest_route=%2Fwp%2Fv2%2Fcategories&post=1888"},{"taxonomy":"post_tag","embeddable":true,"href":"https:\/\/diarioparanaense.com\/index.php?rest_route=%2Fwp%2Fv2%2Ftags&post=1888"}],"curies":[{"name":"wp","href":"https:\/\/api.w.org\/{rel}","templated":true}]}}