{"id":1885,"date":"2023-12-13T17:23:58","date_gmt":"2023-12-13T20:23:58","guid":{"rendered":"https:\/\/diarioparanaense.com\/?p=1885"},"modified":"2023-12-13T17:23:58","modified_gmt":"2023-12-13T20:23:58","slug":"coisas-do-dia-a-dia-que-estao-destruindo-sua-audicao-aos-poucos","status":"publish","type":"post","link":"https:\/\/diarioparanaense.com\/?p=1885","title":{"rendered":"Coisas do dia a dia que est\u00e3o destruindo sua audi\u00e7\u00e3o aos poucos"},"content":{"rendered":"\n<p class=\"has-medium-font-size\">Como coisas do cotidiano afetam sua audi\u00e7\u00e3o<\/p>\n\n\n\n<p>Em um mundo onde o ritmo da vida moderna muitas vezes \u00e9 ditado por uma trilha sonora incessante, poucos percebem o impacto silencioso que a exposi\u00e7\u00e3o constante a sons intensos pode ter sobre a audi\u00e7\u00e3o.<br>&#8220;N\u00e3o \u00e9 apenas o estrondo ensurdecedor de uma explos\u00e3o que amea\u00e7a nossa capacidade de ouvir; \u00e9 o ac\u00famulo de exposi\u00e7\u00f5es cotidianas que, ao longo do tempo, pode resultar em danos auditivos irrevers\u00edveis.&#8221; Explica a Dr\u00aa Iva Lanzarini, Fonoaudi\u00f3loga e s\u00f3cia-propriet\u00e1ria da Fonocenter, empresa de fonoaudiologia especializada em aparelhos auditivos.<\/p>\n\n\n\n<p>Para muitos, o local de trabalho \u00e9 onde passam a maior parte de seus dias. Profissionais como m\u00fasicos, cabeleireiros, motoristas, professores de academia, aviadores e quem trabalha em aeroportos s\u00e3o frequentemente submetidos a ru\u00eddos altos por longos per\u00edodos de tempo. &#8220;Isso reduz a audi\u00e7\u00e3o aos poucos fazendo com que muitos nem percebam o problema at\u00e9 utilizarem o aparelho auditivo correto e descobrirem que grande parte dos ru\u00eddos suaves lhe faltavam&#8221;, diz Doutor F\u00e1bio Martinelli, Otorrinolaringologista do Instituto Martinelli Brasil.<\/p>\n\n\n\n<p>E mesmo para aqueles que trabalham em locais silenciosos, a polui\u00e7\u00e3o sonora \u00e9 algo onipresente. O tr\u00e2nsito congestionado, equipamentos barulhentos e constru\u00e7\u00f5es criam um ambiente onde o ouvido n\u00e3o tem descanso. Fogos de artif\u00edcio, buzinas estridentes e at\u00e9 mesmo m\u00e1quinas dom\u00e9sticas contribuem para um coquetel de sons intensos.<\/p>\n\n\n\n<p>Nesta \u00e9poca agitada e cheia de ru\u00eddos a preserva\u00e7\u00e3o da audi\u00e7\u00e3o \u00e9 uma prioridade muitas vezes negligenciada. A busca por consultas e tratamentos \u00e9 t\u00e3o essencial quanto conscientiza\u00e7\u00e3o sobre os perigos da exposi\u00e7\u00e3o prolongada a sons intensos, ent\u00e3o procure um m\u00e9dico, quanto mais cedo a preven\u00e7\u00e3o ocorrer melhor ser\u00e1 sua futura audi\u00e7\u00e3o.<\/p>\n\n\n\n<p class=\"has-medium-font-size\">Servi\u00e7o: Doutor F\u00e1bio Martinelli<\/p>\n\n\n\n<p><strong>Otorrinolaringologista do Instituto Martinelli Brasilnstituto Martinelli e Brasil<br><\/strong>41- 3040-0011<br>Rua da Paz 195 sala 316\/317 Alto da XV.<\/p>\n\n\n\n<p>Dr\u00aa Iva Lanzarini, Fonoaudi\u00f3loga e s\u00f3cia-propriet\u00e1ria da Fonocenter<\/p>\n\n\n\n<p>Fonocenter Batel Aparelhos Auditivos LTDA<\/p>\n\n\n\n<p>(41) 3078-3500<\/p>\n\n\n\n<p>@fonocentercwb<\/p>\n\n\n\n<p>contato@fonocentercuritiba.com.br<\/p>\n\n\n\n<p><a href=\"http:\/\/www.fonocentercuritiba.com.br\">www.fonocentercuritiba.com.br<\/a><\/p>\n\n\n\n<p>Rua Dep. Ant\u00f4nio Baby, 72 &#8211; Batel&nbsp;Curitiba,&nbsp;PR.<\/p>\n","protected":false},"excerpt":{"rendered":"<p>Como coisas do cotidiano afetam sua audi\u00e7\u00e3o Em um mundo onde o ritmo da vida moderna muitas vezes \u00e9 ditado por uma trilha sonora incessante, poucos percebem o impacto silencioso que a exposi\u00e7\u00e3o constante a sons intensos pode ter sobre a audi\u00e7\u00e3o.&#8220;N\u00e3o \u00e9 apenas o estrondo ensurdecedor de uma explos\u00e3o que amea\u00e7a nossa capacidade de [&hellip;]<\/p>\n","protected":false},"author":1,"featured_media":1886,"comment_status":"open","ping_status":"open","sticky":false,"template":"","format":"standard","meta":{"footnotes":""},"categories":[29,164],"tags":[],"class_list":["post-1885","post","type-post","status-publish","format-standard","has-post-thumbnail","hentry","category-artigos","category-saude-2"],"_links":{"self":[{"href":"https:\/\/diarioparanaense.com\/index.php?rest_route=\/wp\/v2\/posts\/1885","targetHints":{"allow":["GET"]}}],"collection":[{"href":"https:\/\/diarioparanaense.com\/index.php?rest_route=\/wp\/v2\/posts"}],"about":[{"href":"https:\/\/diarioparanaense.com\/index.php?rest_route=\/wp\/v2\/types\/post"}],"author":[{"embeddable":true,"href":"https:\/\/diarioparanaense.com\/index.php?rest_route=\/wp\/v2\/users\/1"}],"replies":[{"embeddable":true,"href":"https:\/\/diarioparanaense.com\/index.php?rest_route=%2Fwp%2Fv2%2Fcomments&post=1885"}],"version-history":[{"count":1,"href":"https:\/\/diarioparanaense.com\/index.php?rest_route=\/wp\/v2\/posts\/1885\/revisions"}],"predecessor-version":[{"id":1887,"href":"https:\/\/diarioparanaense.com\/index.php?rest_route=\/wp\/v2\/posts\/1885\/revisions\/1887"}],"wp:featuredmedia":[{"embeddable":true,"href":"https:\/\/diarioparanaense.com\/index.php?rest_route=\/wp\/v2\/media\/1886"}],"wp:attachment":[{"href":"https:\/\/diarioparanaense.com\/index.php?rest_route=%2Fwp%2Fv2%2Fmedia&parent=1885"}],"wp:term":[{"taxonomy":"category","embeddable":true,"href":"https:\/\/diarioparanaense.com\/index.php?rest_route=%2Fwp%2Fv2%2Fcategories&post=1885"},{"taxonomy":"post_tag","embeddable":true,"href":"https:\/\/diarioparanaense.com\/index.php?rest_route=%2Fwp%2Fv2%2Ftags&post=1885"}],"curies":[{"name":"wp","href":"https:\/\/api.w.org\/{rel}","templated":true}]}}