{"id":1882,"date":"2023-12-13T17:14:32","date_gmt":"2023-12-13T20:14:32","guid":{"rendered":"https:\/\/diarioparanaense.com\/?p=1882"},"modified":"2023-12-13T17:14:33","modified_gmt":"2023-12-13T20:14:33","slug":"os-habitos-que-a-surdez-gera-no-dia-a-dia","status":"publish","type":"post","link":"https:\/\/diarioparanaense.com\/?p=1882","title":{"rendered":"Os h\u00e1bitos que a surdez gera no dia a dia"},"content":{"rendered":"\n<p class=\"has-medium-font-size\">Identificando os Primeiros Sintomas de Perda Auditiva<\/p>\n\n\n\n<p>Os primeiros sinais de perda auditiva s\u00e3o frequentemente discretos, mas para impedir a piora do problema \u00e9 necess\u00e1rio ter um diagn\u00f3stico r\u00e1pido. &#8220;Da mesma forma que outras doen\u00e7as que afetam os sentidos e tem uma piora gradual o paciente vai se isolando socialmente e geralmente tem dificuldade em assumir a dificuldade auditiva\u201d Matheus Chioro, otorrinolaringologista.<\/p>\n\n\n\n<p>Alguns sintomas da perda auditiva s\u00e3o perguntas repetitivas, a necessidade constante de confirmar o que foi dito, dificuldade em acompanhar conversas e percep\u00e7\u00e3o de zumbido nos ouvidos, nada muito grave e \u00e9 a\u00ed que est\u00e1 o perigo, j\u00e1 que \u00e9 f\u00e1cil de ignorar.<\/p>\n\n\n\n<p>&#8220;Ap\u00f3s a identifica\u00e7\u00e3o de alguns desses sintomas \u00e9 necess\u00e1rio procurar ajuda m\u00e9dica, para definir o tipo do problema, seja uma surdez cong\u00eanita ou adquirida, com o tratamento correto \u00e9 poss\u00edvel melhorar a audi\u00e7\u00e3o e o recuperar o bem-estar do paciente&#8221;, diz Dr. Chioro.<\/p>\n\n\n\n<p>Reconhecer os sinais \u00e9 o primeiro passo para buscar ajuda. A avalia\u00e7\u00e3o auditiva completa realizada por um profissional de sa\u00fade auditiva pode ajudar a determinar a extens\u00e3o da perda e a melhor abordagem para o tratamento. Quanto mais cedo a perda auditiva for identificada, menores ser\u00e3o as consequ\u00eancias a longo prazo.<\/p>\n\n\n\n<p><strong>Servi\u00e7o: Matheus Chioro Corr\u00eaa CRM\/PR 34572 RQE19183<\/strong><\/p>\n\n\n\n<p>Otorrinolaringologista<\/p>\n\n\n\n<p>@matheuschioro_otorrino<\/p>\n\n\n\n<p>Fonocenter Batel Aparelhos Auditivos LTDA<\/p>\n\n\n\n<p>(41) 3078-3500<\/p>\n\n\n\n<p>@fonocentercwb<\/p>\n\n\n\n<p>contato@fonocentercuritiba.com.br<\/p>\n\n\n\n<p><a href=\"http:\/\/www.fonocentercuritiba.com.br\">www.fonocentercuritiba.com.br<\/a><\/p>\n\n\n\n<p>Rua Dep. Ant\u00f4nio Baby, 72 &#8211; Batel&nbsp;Curitiba,&nbsp;PR.<\/p>\n","protected":false},"excerpt":{"rendered":"<p>Identificando os Primeiros Sintomas de Perda Auditiva Os primeiros sinais de perda auditiva s\u00e3o frequentemente discretos, mas para impedir a piora do problema \u00e9 necess\u00e1rio ter um diagn\u00f3stico r\u00e1pido. &#8220;Da mesma forma que outras doen\u00e7as que afetam os sentidos e tem uma piora gradual o paciente vai se isolando socialmente e geralmente tem dificuldade em [&hellip;]<\/p>\n","protected":false},"author":1,"featured_media":1883,"comment_status":"open","ping_status":"open","sticky":false,"template":"","format":"standard","meta":{"footnotes":""},"categories":[29,164],"tags":[],"class_list":["post-1882","post","type-post","status-publish","format-standard","has-post-thumbnail","hentry","category-artigos","category-saude-2"],"_links":{"self":[{"href":"https:\/\/diarioparanaense.com\/index.php?rest_route=\/wp\/v2\/posts\/1882","targetHints":{"allow":["GET"]}}],"collection":[{"href":"https:\/\/diarioparanaense.com\/index.php?rest_route=\/wp\/v2\/posts"}],"about":[{"href":"https:\/\/diarioparanaense.com\/index.php?rest_route=\/wp\/v2\/types\/post"}],"author":[{"embeddable":true,"href":"https:\/\/diarioparanaense.com\/index.php?rest_route=\/wp\/v2\/users\/1"}],"replies":[{"embeddable":true,"href":"https:\/\/diarioparanaense.com\/index.php?rest_route=%2Fwp%2Fv2%2Fcomments&post=1882"}],"version-history":[{"count":1,"href":"https:\/\/diarioparanaense.com\/index.php?rest_route=\/wp\/v2\/posts\/1882\/revisions"}],"predecessor-version":[{"id":1884,"href":"https:\/\/diarioparanaense.com\/index.php?rest_route=\/wp\/v2\/posts\/1882\/revisions\/1884"}],"wp:featuredmedia":[{"embeddable":true,"href":"https:\/\/diarioparanaense.com\/index.php?rest_route=\/wp\/v2\/media\/1883"}],"wp:attachment":[{"href":"https:\/\/diarioparanaense.com\/index.php?rest_route=%2Fwp%2Fv2%2Fmedia&parent=1882"}],"wp:term":[{"taxonomy":"category","embeddable":true,"href":"https:\/\/diarioparanaense.com\/index.php?rest_route=%2Fwp%2Fv2%2Fcategories&post=1882"},{"taxonomy":"post_tag","embeddable":true,"href":"https:\/\/diarioparanaense.com\/index.php?rest_route=%2Fwp%2Fv2%2Ftags&post=1882"}],"curies":[{"name":"wp","href":"https:\/\/api.w.org\/{rel}","templated":true}]}}