{"id":1876,"date":"2023-12-12T10:17:19","date_gmt":"2023-12-12T13:17:19","guid":{"rendered":"https:\/\/diarioparanaense.com\/?p=1876"},"modified":"2023-12-12T10:17:19","modified_gmt":"2023-12-12T13:17:19","slug":"farmacias-nissei-inaugura-duas-novas-unidades-em-curitiba","status":"publish","type":"post","link":"https:\/\/diarioparanaense.com\/?p=1876","title":{"rendered":"Farm\u00e1cias Nissei inaugura duas novas unidades em Curitiba"},"content":{"rendered":"\n<p class=\"has-medium-font-size\">Localizadas no CIC e S\u00edtio Cercado, as lojas tem o objetivo de aprimorar o atendimento \u00e0 popula\u00e7\u00e3o curitibana<\/p>\n\n\n\n<p>Com o prop\u00f3sito de aprimorar o atendimento \u00e0 popula\u00e7\u00e3o, a Farm\u00e1cias Nissei inaugurou duas unidades em Curitiba. A primeira est\u00e1 localizada na Rua Jo\u00e3o Dembinski, n\u00ba 1065, na Cidade Industrial de Curitiba e a outra \u00e9 uma migra\u00e7\u00e3o de endere\u00e7o no bairro S\u00edtio Cercado. A marca \u00e9 a s\u00e9tima maior rede de farm\u00e1cias em n\u00famero de lojas, de acordo com a Abrafarma (Associa\u00e7\u00e3o Brasileira de Redes de Farm\u00e1cias e Drogarias).<\/p>\n\n\n\n<p>\u201cA expans\u00e3o na capital paranaense est\u00e1 alinhada ao nosso compromisso cont\u00ednuo de estar sempre pr\u00f3ximos aos nossos clientes. Ainda mais quando falamos de uma popula\u00e7\u00e3o t\u00e3o grande como a curitibana\u201d, destaca o CEO da Nissei, Alexandre Maeoka.<\/p>\n\n\n\n<p>A rede de farm\u00e1cias possui uma cl\u00ednica com farmac\u00eauticos especializados na promo\u00e7\u00e3o do bem-estar, oferecendo orienta\u00e7\u00f5es e acompanhamento em diversas \u00e1reas da sa\u00fade. E ainda possui o conceito de drugstore, com mais de 15 mil produtos, entre itens de higiene, beleza, perfumaria e mercearia.<\/p>\n\n\n\n<p>Al\u00e9m disso, conta com mais de 40 itens das marcas pr\u00f3prias: Cuidmais (solu\u00e7\u00f5es para o cuidado pessoal e primeiros socorros), Fresha (rotina de cuidados di\u00e1rios e higiene pessoal), Aishy (cuidados com a pele), Uni Buni T\u00ea (acess\u00f3rios de beleza, cutelaria e banho) e Goood+ (alimentos pr\u00e1ticos e saborosos).<\/p>\n\n\n\n<p class=\"has-medium-font-size\">Migra\u00e7\u00e3o de endere\u00e7o no S\u00edtio Cercado<\/p>\n\n\n\n<p>A rede de farm\u00e1cias tamb\u00e9m realizou uma mudan\u00e7a de endere\u00e7o no bairro S\u00edtio Cercado. A nova loja est\u00e1 situada na Rua Maria Nicolas, n\u00b0 309, no bairro S\u00edtio Cercado, a apenas 100 metros da antiga unidade, localizada na rua Rua S\u00e3o Jos\u00e9 dos Pinhais.<\/p>\n\n\n\n<p>O CEO explica que a decis\u00e3o de mudar de endere\u00e7o foi estrat\u00e9gica. \u201cNosso foco com a mudan\u00e7a foi aprimorar o conforto de nossos clientes. Agora, eles t\u00eam \u00e0 disposi\u00e7\u00e3o uma loja maior, proporcionando uma experi\u00eancia de atendimento mais completa\u201d.<\/p>\n\n\n\n<p>Ambas as lojas est\u00e3o em funcionamento de segunda a sexta-feira, das 7h \u00e0s 23h; aos s\u00e1bados, das 7 \u00e0s 22h; e aos domingos e feriados, das 9h \u00e0s 21h. E ainda contam com amplo estacionamento para maior comodidade dos clientes no per\u00edodo de compras.<\/p>\n\n\n\n<p class=\"has-medium-font-size\">Sobre as Farm\u00e1cias Nissei<\/p>\n\n\n\n<p>Com mais de 35 anos de tradi\u00e7\u00e3o no mercado paranaense e atua\u00e7\u00e3o nos estados do Paran\u00e1, S\u00e3o Paulo e Santa Catarina, a Nissei \u00e9 considerada a s\u00e9tima maior rede de farm\u00e1cias do pa\u00eds em n\u00famero de lojas, segundo a Abrafarma (Associa\u00e7\u00e3o Brasileira de Redes de Farm\u00e1cias e Drogarias). A rede \u00e9 credenciada do Programa do Governo Federal Farm\u00e1cia Popular, que oferta descontos especiais e at\u00e9 rem\u00e9dios essenciais gratuitos.<\/p>\n\n\n\n<p>A Nissei conta hoje com mais de 370 lojas, que geram mais de 6 mil empregos diretos e atendem a mais de 3,5 milh\u00f5es de clientes por m\u00eas. A rede foi respons\u00e1vel por introduzir o conceito de drugstore no mercado paranaense e oferece ao estado o maior n\u00famero de farm\u00e1cias 24 horas. As lojas s\u00e3o conhecidas por seus espa\u00e7os modernos, de f\u00e1cil localiza\u00e7\u00e3o, amplos estacionamentos, diversidade de produtos e disponibilidade de farmac\u00eauticos qualificados, que promovem o melhor atendimento&nbsp;profissional.<\/p>\n","protected":false},"excerpt":{"rendered":"<p>Localizadas no CIC e S\u00edtio Cercado, as lojas tem o objetivo de aprimorar o atendimento \u00e0 popula\u00e7\u00e3o curitibana Com o prop\u00f3sito de aprimorar o atendimento \u00e0 popula\u00e7\u00e3o, a Farm\u00e1cias Nissei inaugurou duas unidades em Curitiba. A primeira est\u00e1 localizada na Rua Jo\u00e3o Dembinski, n\u00ba 1065, na Cidade Industrial de Curitiba e a outra \u00e9 uma [&hellip;]<\/p>\n","protected":false},"author":1,"featured_media":1877,"comment_status":"open","ping_status":"open","sticky":false,"template":"","format":"standard","meta":{"footnotes":""},"categories":[424],"tags":[],"class_list":["post-1876","post","type-post","status-publish","format-standard","has-post-thumbnail","hentry","category-curitiba"],"_links":{"self":[{"href":"https:\/\/diarioparanaense.com\/index.php?rest_route=\/wp\/v2\/posts\/1876","targetHints":{"allow":["GET"]}}],"collection":[{"href":"https:\/\/diarioparanaense.com\/index.php?rest_route=\/wp\/v2\/posts"}],"about":[{"href":"https:\/\/diarioparanaense.com\/index.php?rest_route=\/wp\/v2\/types\/post"}],"author":[{"embeddable":true,"href":"https:\/\/diarioparanaense.com\/index.php?rest_route=\/wp\/v2\/users\/1"}],"replies":[{"embeddable":true,"href":"https:\/\/diarioparanaense.com\/index.php?rest_route=%2Fwp%2Fv2%2Fcomments&post=1876"}],"version-history":[{"count":1,"href":"https:\/\/diarioparanaense.com\/index.php?rest_route=\/wp\/v2\/posts\/1876\/revisions"}],"predecessor-version":[{"id":1878,"href":"https:\/\/diarioparanaense.com\/index.php?rest_route=\/wp\/v2\/posts\/1876\/revisions\/1878"}],"wp:featuredmedia":[{"embeddable":true,"href":"https:\/\/diarioparanaense.com\/index.php?rest_route=\/wp\/v2\/media\/1877"}],"wp:attachment":[{"href":"https:\/\/diarioparanaense.com\/index.php?rest_route=%2Fwp%2Fv2%2Fmedia&parent=1876"}],"wp:term":[{"taxonomy":"category","embeddable":true,"href":"https:\/\/diarioparanaense.com\/index.php?rest_route=%2Fwp%2Fv2%2Fcategories&post=1876"},{"taxonomy":"post_tag","embeddable":true,"href":"https:\/\/diarioparanaense.com\/index.php?rest_route=%2Fwp%2Fv2%2Ftags&post=1876"}],"curies":[{"name":"wp","href":"https:\/\/api.w.org\/{rel}","templated":true}]}}