{"id":1869,"date":"2023-12-12T09:48:36","date_gmt":"2023-12-12T12:48:36","guid":{"rendered":"https:\/\/diarioparanaense.com\/?p=1869"},"modified":"2023-12-12T09:48:36","modified_gmt":"2023-12-12T12:48:36","slug":"demissao-sem-justa-causa-um-valioso-recurso-mas-que-deve-ser-usado-sabiamente","status":"publish","type":"post","link":"https:\/\/diarioparanaense.com\/?p=1869","title":{"rendered":"Demiss\u00e3o sem justa causa, um valioso recurso mas que deve ser usado sabiamente"},"content":{"rendered":"\n<p class=\"has-medium-font-size\">Como a demiss\u00e3o pode salvar uma empresa se usada da maneira correta<\/p>\n\n\n\n<p>A demiss\u00e3o sem justa causa \u00e9 comum no mercado de trabalho brasileiro. Traduz-se no encerramento do contrato de trabalho por parte do empregador, sem o empregado cometer nenhuma grande infra\u00e7\u00e3o, que concede ao trabalhador uma s\u00e9rie de direitos e benef\u00edcios para minimizar os impactos da demiss\u00e3o.<\/p>\n\n\n\n<p>Durante esse processo existem obriga\u00e7\u00f5es por parte do empregador, e \u00e9 essencial estar ciente delas para proteger o neg\u00f3cio ao lidar com demiss\u00f5es sem justificativa legal. A melhor forma de ficar a par deste tipo de informa\u00e7\u00e3o \u00e9 contratando um advogado trabalhista para acompanhar tudo.<\/p>\n\n\n\n<p>&#8220;Os trabalhadores t\u00eam direito a uma s\u00e9rie de verbas rescis\u00f3rias, incluindo o saldo de sal\u00e1rio proporcional aos dias trabalhados no m\u00eas da demiss\u00e3o, aviso pr\u00e9vio, f\u00e9rias vencidas e proporcionais, d\u00e9cimo terceiro sal\u00e1rio proporcional, multa de 40% sobre o FGTS, libera\u00e7\u00e3o do FGTS e, em alguns casos, o acesso ao seguro-desemprego.&#8221; Diz a advogada trabalhista Juliana Stacechen.<\/p>\n\n\n\n<p>Para proteger o neg\u00f3cio, \u00e9 crucial que os empres\u00e1rios elaborem contratos de trabalho claros, contendo cl\u00e1usulas que prevejam indeniza\u00e7\u00f5es em caso de demiss\u00e3o sem justa causa, como por exemplo no caso de uma cl\u00e1usula de sigilo e n\u00e3o competi\u00e7\u00e3o. Manter registros detalhados do desempenho e comportamento dos funcion\u00e1rios, buscando assessoria jur\u00eddica especializada e, quando vi\u00e1vel, considerar a possibilidade de acordo legal na rescis\u00e3o do contrato s\u00e3o medidas preventivas importantes.<\/p>\n\n\n\n<p>Assim, ao compreender os direitos do trabalhador, os deveres da empresa e adotar estrat\u00e9gias preventivas, os empres\u00e1rios podem proteger seus neg\u00f3cios diante deste tipo de situa\u00e7\u00e3o, minimizando poss\u00edveis impactos financeiros e legais.<\/p>\n\n\n\n<p><strong>Servi\u00e7o: Juliana Stacechen<br><em>Advogada especialista em Direito Trabalhista<br><\/em><\/strong>Instagram: @julianastacechen<br>Telefone: (41) 999048404<br>Email: juliana.stacechen@gmail.com<br><a href=\"https:\/\/www.julianastacechen.com\/\" target=\"_blank\" rel=\"noreferrer noopener\">https:\/\/www.julianastacechen.com\/<\/a><\/p>\n","protected":false},"excerpt":{"rendered":"<p>Como a demiss\u00e3o pode salvar uma empresa se usada da maneira correta A demiss\u00e3o sem justa causa \u00e9 comum no mercado de trabalho brasileiro. Traduz-se no encerramento do contrato de trabalho por parte do empregador, sem o empregado cometer nenhuma grande infra\u00e7\u00e3o, que concede ao trabalhador uma s\u00e9rie de direitos e benef\u00edcios para minimizar os [&hellip;]<\/p>\n","protected":false},"author":1,"featured_media":1729,"comment_status":"open","ping_status":"open","sticky":false,"template":"","format":"standard","meta":{"footnotes":""},"categories":[29],"tags":[],"class_list":["post-1869","post","type-post","status-publish","format-standard","has-post-thumbnail","hentry","category-artigos"],"_links":{"self":[{"href":"https:\/\/diarioparanaense.com\/index.php?rest_route=\/wp\/v2\/posts\/1869","targetHints":{"allow":["GET"]}}],"collection":[{"href":"https:\/\/diarioparanaense.com\/index.php?rest_route=\/wp\/v2\/posts"}],"about":[{"href":"https:\/\/diarioparanaense.com\/index.php?rest_route=\/wp\/v2\/types\/post"}],"author":[{"embeddable":true,"href":"https:\/\/diarioparanaense.com\/index.php?rest_route=\/wp\/v2\/users\/1"}],"replies":[{"embeddable":true,"href":"https:\/\/diarioparanaense.com\/index.php?rest_route=%2Fwp%2Fv2%2Fcomments&post=1869"}],"version-history":[{"count":1,"href":"https:\/\/diarioparanaense.com\/index.php?rest_route=\/wp\/v2\/posts\/1869\/revisions"}],"predecessor-version":[{"id":1875,"href":"https:\/\/diarioparanaense.com\/index.php?rest_route=\/wp\/v2\/posts\/1869\/revisions\/1875"}],"wp:featuredmedia":[{"embeddable":true,"href":"https:\/\/diarioparanaense.com\/index.php?rest_route=\/wp\/v2\/media\/1729"}],"wp:attachment":[{"href":"https:\/\/diarioparanaense.com\/index.php?rest_route=%2Fwp%2Fv2%2Fmedia&parent=1869"}],"wp:term":[{"taxonomy":"category","embeddable":true,"href":"https:\/\/diarioparanaense.com\/index.php?rest_route=%2Fwp%2Fv2%2Fcategories&post=1869"},{"taxonomy":"post_tag","embeddable":true,"href":"https:\/\/diarioparanaense.com\/index.php?rest_route=%2Fwp%2Fv2%2Ftags&post=1869"}],"curies":[{"name":"wp","href":"https:\/\/api.w.org\/{rel}","templated":true}]}}