{"id":1856,"date":"2023-12-12T08:18:45","date_gmt":"2023-12-12T11:18:45","guid":{"rendered":"https:\/\/diarioparanaense.com\/?p=1856"},"modified":"2023-12-12T08:18:46","modified_gmt":"2023-12-12T11:18:46","slug":"a-relacao-invisivel-entre-o-ronco-apneia-do-sono-e-o-sobrepeso","status":"publish","type":"post","link":"https:\/\/diarioparanaense.com\/?p=1856","title":{"rendered":"A rela\u00e7\u00e3o invis\u00edvel entre o ronco \/ apneia do sono e o sobrepeso"},"content":{"rendered":"\n<p class=\"has-medium-font-size\">Como a apneia e o peso de uma pessoa podem se tornar em uma bola de neve<\/p>\n\n\n\n<p>A apneia do sono, geralmente associada ao ronco alto, \u00e9 um dos dist\u00farbios do sono mais comuns nos dias de hoje. De acordo com a Associa\u00e7\u00e3o Brasileira do Sono, 24% dos homens de meia-idade roncam, enquanto a taxa entre pessoas do sexo feminino \u00e9 de 18%.<\/p>\n\n\n\n<p>O ronco e a apneia do sono podem ter origem em causas fisiol\u00f3gicas complexas, relacionadas \u00e0 anatomia esquel\u00e9tica da face, da boca, mand\u00edbula, garganta e quest\u00f5es que envolvem heran\u00e7a gen\u00e9tica, postura da l\u00edngua e os maus h\u00e1bitos de respira\u00e7\u00e3o bucal. Outros fatores tamb\u00e9m podem levar ao ronco e a apneia, como tabagismo, consumo de \u00e1lcool antes de deitar-se, posi\u00e7\u00f5es de dormir, al\u00e9m da flacidez nos tecidos das vias \u00e1reas superiores e que progride com a idade.<\/p>\n\n\n\n<p class=\"has-medium-font-size\">Mas e se uma das causas do ronco e apneia fosse tamb\u00e9m um sintoma?<\/p>\n\n\n\n<p>\u201cO ronco e a apneia obstrutiva do sono s\u00e3o dist\u00farbios do sono em que as vias a\u00e9reas superiores ficam parcial ou completamente obstru\u00eddas durante o sono, levando a interrup\u00e7\u00f5es na respira\u00e7\u00e3o e a microdespertares frequentes. Pode parecer apenas um mero incomodo noturno, entretanto, o problema pode afetar o sono de v\u00e1rias maneiras e contribuir para o ganho de quilos indesejados e dificuldades com a regula\u00e7\u00e3o do peso uma vez que o sono de m\u00e1 qualidade provoca altera\u00e7\u00f5es hormonais, que fazem a pessoa ganhar peso piorando ainda mais o quadro&#8221;, diz a Dra. Alessandra Kuskoski Szupka, especialista em ortodontia, ortopedia orofacial e odontologia miofuncional, e p\u00f3s-graduanda em odontologia do sono. \u201cOu seja, interrup\u00e7\u00f5es frequentes do sono podem afetar negativamente o metabolismo e a capacidade do corpo de regular o apetite e o gasto de energia\u201d, complementa.<\/p>\n\n\n\n<p>Os dist\u00farbios respirat\u00f3rios do sono, como o ronco e apneia tamb\u00e9m pode levar a mudan\u00e7as nos n\u00edveis de horm\u00f4nios relacionados \u00e0 fome e \u00e0 saciedade, como a leptina e a grelina. A leptina \u00e9 respons\u00e1vel por sinalizar a sensa\u00e7\u00e3o de saciedade, enquanto a grelina estimula o apetite. Desta forma, noites de sono ruins podem desregular esses horm\u00f4nios, levando a um aumento do apetite e, potencialmente, ao excesso de ingest\u00e3o de calorias.<\/p>\n\n\n\n<p>A sonol\u00eancia diurna tamb\u00e9m \u00e9 um sintoma comum de quem sofre com a apneia do sono. Quando as pessoas est\u00e3o cansadas durante o dia, s\u00e3o mais propensas a escolher alimentos ricos em calorias, processados e pouco saud\u00e1veis, e tamb\u00e9m podem ter menos motiva\u00e7\u00e3o para se exercitar, o que contribui para o ganho de peso.<\/p>\n\n\n\n<p>Para evitar essa bola de neve existem meios de tratamento seguros, eficazes e com resultados cl\u00ednicos comprovados, entretanto, \u00e9 preciso levar em considera\u00e7\u00e3o as causas individuais de cada paciente. Por isso a prescri\u00e7\u00e3o de qual meio de tratamento \u00e9 o mais indicado para cada caso depende de o paciente passar por uma consulta com especialista no assunto, onde s\u00e3o examinamos sintomas, h\u00e1bitos de respira\u00e7\u00e3o, a anatomia esquel\u00e9tica facial, a estrutura dos tecidos das vias a\u00e9reas superiores, hist\u00f3rico m\u00e9dico e estilo de vida do paciente.<br>Para evitar o ciclo do ronco\/apneia do sono com o ganho de peso consulte um profissional qualificado, dormir bem garantem uma melhor sa\u00fade e bem-estar.<\/p>\n\n\n\n<p><strong>Servi\u00e7o<\/strong>: Una Odontologia, Sa\u00fade &amp; Bem-Estar<br><strong>Odontologia do Sono<br><em>Dra. Alessandra Kuskoski Szupka<br><\/em><\/strong>CRO-PR 21.270<br>Especialista em Ortodontia &amp; Ortopedia Orofacial<br>@draalessandraks.ortho<br>@una.odontosaude<br>@odontologiadosono.curitiba<\/p>\n\n\n\n<p>WHATSAPP: 41 99825-3199<br><a href=\"http:\/\/www.odontologiadosono.com\">www.odontologiadosono.com<\/a><br>Endere\u00e7o: Av. Rep\u00fablica Argentina, 1505 | sala 1208,\u00a0Curitiba\/PR.<\/p>\n","protected":false},"excerpt":{"rendered":"<p>Como a apneia e o peso de uma pessoa podem se tornar em uma bola de neve A apneia do sono, geralmente associada ao ronco alto, \u00e9 um dos dist\u00farbios do sono mais comuns nos dias de hoje. De acordo com a Associa\u00e7\u00e3o Brasileira do Sono, 24% dos homens de meia-idade roncam, enquanto a taxa [&hellip;]<\/p>\n","protected":false},"author":1,"featured_media":1857,"comment_status":"open","ping_status":"open","sticky":false,"template":"","format":"standard","meta":{"footnotes":""},"categories":[164],"tags":[],"class_list":["post-1856","post","type-post","status-publish","format-standard","has-post-thumbnail","hentry","category-saude-2"],"_links":{"self":[{"href":"https:\/\/diarioparanaense.com\/index.php?rest_route=\/wp\/v2\/posts\/1856","targetHints":{"allow":["GET"]}}],"collection":[{"href":"https:\/\/diarioparanaense.com\/index.php?rest_route=\/wp\/v2\/posts"}],"about":[{"href":"https:\/\/diarioparanaense.com\/index.php?rest_route=\/wp\/v2\/types\/post"}],"author":[{"embeddable":true,"href":"https:\/\/diarioparanaense.com\/index.php?rest_route=\/wp\/v2\/users\/1"}],"replies":[{"embeddable":true,"href":"https:\/\/diarioparanaense.com\/index.php?rest_route=%2Fwp%2Fv2%2Fcomments&post=1856"}],"version-history":[{"count":1,"href":"https:\/\/diarioparanaense.com\/index.php?rest_route=\/wp\/v2\/posts\/1856\/revisions"}],"predecessor-version":[{"id":1858,"href":"https:\/\/diarioparanaense.com\/index.php?rest_route=\/wp\/v2\/posts\/1856\/revisions\/1858"}],"wp:featuredmedia":[{"embeddable":true,"href":"https:\/\/diarioparanaense.com\/index.php?rest_route=\/wp\/v2\/media\/1857"}],"wp:attachment":[{"href":"https:\/\/diarioparanaense.com\/index.php?rest_route=%2Fwp%2Fv2%2Fmedia&parent=1856"}],"wp:term":[{"taxonomy":"category","embeddable":true,"href":"https:\/\/diarioparanaense.com\/index.php?rest_route=%2Fwp%2Fv2%2Fcategories&post=1856"},{"taxonomy":"post_tag","embeddable":true,"href":"https:\/\/diarioparanaense.com\/index.php?rest_route=%2Fwp%2Fv2%2Ftags&post=1856"}],"curies":[{"name":"wp","href":"https:\/\/api.w.org\/{rel}","templated":true}]}}