{"id":1840,"date":"2023-12-11T14:43:30","date_gmt":"2023-12-11T17:43:30","guid":{"rendered":"https:\/\/diarioparanaense.com\/?p=1840"},"modified":"2023-12-11T14:43:30","modified_gmt":"2023-12-11T17:43:30","slug":"mais-que-advogado-e-necessario-ser-especialista","status":"publish","type":"post","link":"https:\/\/diarioparanaense.com\/?p=1840","title":{"rendered":"Mais que advogado, \u00e9 necess\u00e1rio ser especialista"},"content":{"rendered":"\n<p class=\"has-medium-font-size\">Como um advogado especializado pode mudar o rumo da vida de uma pessoa<\/p>\n\n\n\n<p>O acontecimento processual do dia 29\/11 envolvendo Ana Hickmann e Alexandre Correa foi uma grande trag\u00e9dia, postergando ainda mais o div\u00f3rcio do casal e deixando a v\u00edtima emocionalmente mais vulner\u00e1vel. A cren\u00e7a de que por ser um advogado voc\u00ea pode lidar com qualquer processo \u00e9 uma fal\u00e1cia dita por muitos.<br>&#8220;A dissolu\u00e7\u00e3o do casamento por si, que permite ao casal ter o status necess\u00e1rio para uma nova uni\u00e3o \u00e9 dependente da vara de fam\u00edlia, enquanto a quest\u00e3o da viol\u00eancia dom\u00e9stica deve ser tratada no juizado criminal especializado em viol\u00eancia dom\u00e9stica\u201d. Conta a advogada Familiar Amanda Gimenes.<\/p>\n\n\n\n<p>No entanto, o profissional que representa Ana, certamente especializado em quest\u00f5es empresariais, n\u00e3o est\u00e1 acostumado a lidar com as demandas espec\u00edficas de um caso familiar e, principalmente envolvendo viol\u00eancia dom\u00e9stica. O que impactou negativamente o processo, prejudicando a representa\u00e7\u00e3o da v\u00edtima e sua busca por justi\u00e7a, al\u00e9m de ter rendido likes e deboches pelo agressor.<\/p>\n\n\n\n<p>Isso s\u00f3 demonstra como um relacionamento pode ser complexo e vol\u00e1til, deixando aquela sensa\u00e7\u00e3o de inseguran\u00e7a, todos pensamos que nunca vai acontecer conosco, e em momentos cruciais n\u00e3o estamos preparados.<br>Ainda por cima a solicita\u00e7\u00e3o de Ana Hickmann para que o Juizado Especial Criminal de Viol\u00eancia Dom\u00e9stica e Familiar Contra a Mulher processasse o div\u00f3rcio foi negado pelo juiz, que apontou a necessidade de uma compet\u00eancia especializada em quest\u00f5es familiares para que a lei fosse aplicada nesse contexto t\u00e3o complexo que \u00e9 a fam\u00edlia.<\/p>\n\n\n\n<p>O caso Ana Hickmann e Alexandre Cardoso est\u00e1 assentado num casamento com patrim\u00f4nio, quest\u00f5es de especificidade de regime de bens legal, em virtude da idade que ela se casou, guarda e conviv\u00eancia de filho menor e diversas outras quest\u00f5es extremamente especializadas que fogem da compet\u00eancia do juizado da viol\u00eancia dom\u00e9stica.<br>Esse caso ilustra como a escolha do advogado certo, com especializa\u00e7\u00e3o adequada na \u00e1rea familiar, \u00e9 imprescind\u00edvel para garantir uma representa\u00e7\u00e3o eficaz e assertiva em situa\u00e7\u00f5es sens\u00edveis como essa. A falta de familiaridade com nuances espec\u00edficas pode afetar significativamente a defesa e os direitos da v\u00edtima, refor\u00e7ando a import\u00e2ncia de escolher o profissional adequado para cada situa\u00e7\u00e3o legal.<\/p>\n\n\n\n<p class=\"has-medium-font-size\">Servi\u00e7o:<br>Amanda Gimenes Coutinho<br>Advogada Familiar<br>41 99829-4222<br>@adv.amandagimenes<br>adv.amandagimenes<br>www.advamandagimenes.com.br<br>NEO SuperQuadra &#8211; R. Heitor Stockler de Fran\u00e7a, 396 &#8211; Conjunto 1703 &#8211; Centro C\u00edvico, Curitiba&nbsp;&#8211;&nbsp;PR,&nbsp;82590-300<\/p>\n","protected":false},"excerpt":{"rendered":"<p>Como um advogado especializado pode mudar o rumo da vida de uma pessoa O acontecimento processual do dia 29\/11 envolvendo Ana Hickmann e Alexandre Correa foi uma grande trag\u00e9dia, postergando ainda mais o div\u00f3rcio do casal e deixando a v\u00edtima emocionalmente mais vulner\u00e1vel. A cren\u00e7a de que por ser um advogado voc\u00ea pode lidar com [&hellip;]<\/p>\n","protected":false},"author":1,"featured_media":1841,"comment_status":"open","ping_status":"open","sticky":false,"template":"","format":"standard","meta":{"footnotes":""},"categories":[29,424],"tags":[],"class_list":["post-1840","post","type-post","status-publish","format-standard","has-post-thumbnail","hentry","category-artigos","category-curitiba"],"_links":{"self":[{"href":"https:\/\/diarioparanaense.com\/index.php?rest_route=\/wp\/v2\/posts\/1840","targetHints":{"allow":["GET"]}}],"collection":[{"href":"https:\/\/diarioparanaense.com\/index.php?rest_route=\/wp\/v2\/posts"}],"about":[{"href":"https:\/\/diarioparanaense.com\/index.php?rest_route=\/wp\/v2\/types\/post"}],"author":[{"embeddable":true,"href":"https:\/\/diarioparanaense.com\/index.php?rest_route=\/wp\/v2\/users\/1"}],"replies":[{"embeddable":true,"href":"https:\/\/diarioparanaense.com\/index.php?rest_route=%2Fwp%2Fv2%2Fcomments&post=1840"}],"version-history":[{"count":1,"href":"https:\/\/diarioparanaense.com\/index.php?rest_route=\/wp\/v2\/posts\/1840\/revisions"}],"predecessor-version":[{"id":1842,"href":"https:\/\/diarioparanaense.com\/index.php?rest_route=\/wp\/v2\/posts\/1840\/revisions\/1842"}],"wp:featuredmedia":[{"embeddable":true,"href":"https:\/\/diarioparanaense.com\/index.php?rest_route=\/wp\/v2\/media\/1841"}],"wp:attachment":[{"href":"https:\/\/diarioparanaense.com\/index.php?rest_route=%2Fwp%2Fv2%2Fmedia&parent=1840"}],"wp:term":[{"taxonomy":"category","embeddable":true,"href":"https:\/\/diarioparanaense.com\/index.php?rest_route=%2Fwp%2Fv2%2Fcategories&post=1840"},{"taxonomy":"post_tag","embeddable":true,"href":"https:\/\/diarioparanaense.com\/index.php?rest_route=%2Fwp%2Fv2%2Ftags&post=1840"}],"curies":[{"name":"wp","href":"https:\/\/api.w.org\/{rel}","templated":true}]}}