{"id":1825,"date":"2023-12-08T15:06:40","date_gmt":"2023-12-08T18:06:40","guid":{"rendered":"https:\/\/diarioparanaense.com\/?p=1825"},"modified":"2023-12-08T15:06:40","modified_gmt":"2023-12-08T18:06:40","slug":"curitibano-busca-bicampeonato-mundial-de-muay-thai-na-tailandia","status":"publish","type":"post","link":"https:\/\/diarioparanaense.com\/?p=1825","title":{"rendered":"Curitibano busca bicampeonato mundial de Muay Thai na Tail\u00e2ndia"},"content":{"rendered":"\n<p class=\"has-medium-font-size\">Deyler Klenk Junior inicia prepara\u00e7\u00e3o para a competi\u00e7\u00e3o que ser\u00e1 realizada em Ayutthaya<\/p>\n\n\n\n<p>O cen\u00e1rio est\u00e1 pronto para mais uma emocionante edi\u00e7\u00e3o do Campeonato Mundial de Muay Thai, que ser\u00e1 realizado em Ayutthaya, na Tail\u00e2ndia, de 12 a 18 de mar\u00e7o de 2024. Entre os competidores brasileiros que buscar\u00e3o a gl\u00f3ria no ringue tailand\u00eas est\u00e1 Deyler Klenk Junior, um curitibano de 36 anos que j\u00e1 ostenta o t\u00edtulo mundial na categoria. Contudo, a caminhada de Deyler n\u00e3o \u00e9 apenas uma busca por um bicampeonato; \u00e9 uma hist\u00f3ria de supera\u00e7\u00e3o pessoal e resili\u00eancia.<\/p>\n\n\n\n<p>A pandemia da Covid-19 deixou sequelas profundas, e para Deyler, a depress\u00e3o tornou-se um desafio monumental. Campe\u00e3o mundial de Muay Thai, ele encontrou no esporte n\u00e3o apenas uma paix\u00e3o, mas tamb\u00e9m um aliado crucial em sua batalha contra a depress\u00e3o. Deyler, ao fazer uma retrospectiva de seus desafios, destacou: &#8220;Essa quest\u00e3o da depress\u00e3o foi muito dif\u00edcil, eu e minha fam\u00edlia sofremos muito. Toda a minha for\u00e7a e dedica\u00e7\u00e3o foi para mudar esse cap\u00edtulo da minha vida.&#8221;<\/p>\n\n\n\n<p>Agora, Deyler Klenk Junior est\u00e1 determinado a utilizar sua hist\u00f3ria como inspira\u00e7\u00e3o e desafiar outros a enfrentar seus pr\u00f3prios obst\u00e1culos.Deyler compartilha como sua trajet\u00f3ria rumo ao bicampeonato teve in\u00edcio.<\/p>\n\n\n\n<p>A hist\u00f3ria come\u00e7ou quando o mestre de Muay Thai de Deyler o convidou para participar do mundial na Tail\u00e2ndia, percebendo o potencial excepcional de seu aluno. Para custear a viagem, Deyler lan\u00e7ou uma vaquinha, e um de seus alunos contribuiu comprando as passagens em troca de aulas. Em 17 de mar\u00e7o de 2023, Deyler brilhou no ringue, vencendo um lutador italiano na categoria de 66 quilos e conquistando o t\u00edtulo mundial.<\/p>\n\n\n\n<p>A hist\u00f3ria de Deyler no esporte come\u00e7ou aos 13 anos, em um bairro perigoso de Curitiba, onde as perspectivas de futuro eram limitadas. Com determina\u00e7\u00e3o, ele iniciou seus treinos de Muay Thai, obtendo uma bolsa de treino em troca de servi\u00e7os na limpeza da academia. Anos de dedica\u00e7\u00e3o o levaram a se formar em grau preto em Muay Thai, e hoje ele retribui \u00e0 comunidade dando aulas.<\/p>\n\n\n\n<p class=\"has-medium-font-size\">Busca por patroc\u00ednio<\/p>\n\n\n\n<p>Al\u00e9m dos desafios dentro do ringue, Deyler Klenk Junior enfrenta uma batalha financeira para garantir sua participa\u00e7\u00e3o no Campeonato Mundial de Muay Thai. Cada atleta da delega\u00e7\u00e3o brasileira \u00e9 respons\u00e1vel por arcar com suas despesas, incluindo passagem a\u00e9rea, hospedagem, inscri\u00e7\u00e3o na competi\u00e7\u00e3o, alimenta\u00e7\u00e3o e gastos pessoais durante a estadia na Tail\u00e2ndia. Consciente da import\u00e2ncia do apoio financeiro, Deyler est\u00e1 atualmente em busca de patroc\u00ednios que possam viabilizar sua presen\u00e7a no torneio e permitir que ele represente o Brasil no Mundial.<\/p>\n\n\n\n<p class=\"has-medium-font-size\"><strong>Como ajudar<\/strong><br>Voc\u00ea pode fazer doa\u00e7\u00f5es diretamente para Deyler Klenk Junior para ajudar a cobrir as despesas relacionadas \u00e0 viagem e hospedagem pelo <strong>PIX: deylerklenk@gmail.com.<\/strong><\/p>\n","protected":false},"excerpt":{"rendered":"<p>Deyler Klenk Junior inicia prepara\u00e7\u00e3o para a competi\u00e7\u00e3o que ser\u00e1 realizada em Ayutthaya O cen\u00e1rio est\u00e1 pronto para mais uma emocionante edi\u00e7\u00e3o do Campeonato Mundial de Muay Thai, que ser\u00e1 realizado em Ayutthaya, na Tail\u00e2ndia, de 12 a 18 de mar\u00e7o de 2024. Entre os competidores brasileiros que buscar\u00e3o a gl\u00f3ria no ringue tailand\u00eas est\u00e1 [&hellip;]<\/p>\n","protected":false},"author":1,"featured_media":1826,"comment_status":"open","ping_status":"open","sticky":false,"template":"","format":"standard","meta":{"footnotes":""},"categories":[159],"tags":[],"class_list":["post-1825","post","type-post","status-publish","format-standard","has-post-thumbnail","hentry","category-esportes"],"_links":{"self":[{"href":"https:\/\/diarioparanaense.com\/index.php?rest_route=\/wp\/v2\/posts\/1825","targetHints":{"allow":["GET"]}}],"collection":[{"href":"https:\/\/diarioparanaense.com\/index.php?rest_route=\/wp\/v2\/posts"}],"about":[{"href":"https:\/\/diarioparanaense.com\/index.php?rest_route=\/wp\/v2\/types\/post"}],"author":[{"embeddable":true,"href":"https:\/\/diarioparanaense.com\/index.php?rest_route=\/wp\/v2\/users\/1"}],"replies":[{"embeddable":true,"href":"https:\/\/diarioparanaense.com\/index.php?rest_route=%2Fwp%2Fv2%2Fcomments&post=1825"}],"version-history":[{"count":1,"href":"https:\/\/diarioparanaense.com\/index.php?rest_route=\/wp\/v2\/posts\/1825\/revisions"}],"predecessor-version":[{"id":1827,"href":"https:\/\/diarioparanaense.com\/index.php?rest_route=\/wp\/v2\/posts\/1825\/revisions\/1827"}],"wp:featuredmedia":[{"embeddable":true,"href":"https:\/\/diarioparanaense.com\/index.php?rest_route=\/wp\/v2\/media\/1826"}],"wp:attachment":[{"href":"https:\/\/diarioparanaense.com\/index.php?rest_route=%2Fwp%2Fv2%2Fmedia&parent=1825"}],"wp:term":[{"taxonomy":"category","embeddable":true,"href":"https:\/\/diarioparanaense.com\/index.php?rest_route=%2Fwp%2Fv2%2Fcategories&post=1825"},{"taxonomy":"post_tag","embeddable":true,"href":"https:\/\/diarioparanaense.com\/index.php?rest_route=%2Fwp%2Fv2%2Ftags&post=1825"}],"curies":[{"name":"wp","href":"https:\/\/api.w.org\/{rel}","templated":true}]}}