{"id":1822,"date":"2023-12-08T15:03:45","date_gmt":"2023-12-08T18:03:45","guid":{"rendered":"https:\/\/diarioparanaense.com\/?p=1822"},"modified":"2023-12-08T15:03:46","modified_gmt":"2023-12-08T18:03:46","slug":"apos-cantar-com-juliette-sofia-gayoso-lanca-muitos-beijinhosfaixa-e-o-quarto-lancamento-do-ep-diferente","status":"publish","type":"post","link":"https:\/\/diarioparanaense.com\/?p=1822","title":{"rendered":"Ap\u00f3s cantar com Juliette, Sofia Gayoso lan\u00e7a \u201cMuitos Beijinhos\u201dFaixa \u00e9 o quarto lan\u00e7amento do EP \u201cDiferente\u201d."},"content":{"rendered":"\n<p class=\"has-medium-font-size\">Ap\u00f3s cantar com Juliette, Sofia Gayoso lan\u00e7a \u201cMuitos Beijinhos\u201d<\/p>\n\n\n\n<p><br>Faixa \u00e9 o quarto lan\u00e7amento do EP \u201cDiferente\u201d.<\/p>\n\n\n\n<p>Um dos grandes destaques da m\u00fasica nordestina, Sofia Gayoso s\u00f3 tem o que comemorar. Ap\u00f3s participar de campanha publicit\u00e1ria da C&amp;A, a cantora foi convidada por ningu\u00e9m menos que Juliette para se apresentar durante a passagem da turn\u00ea \u201cCiclone\u201d por Jo\u00e3o Pessoa, na Para\u00edba. No encontro, que aconteceu no s\u00e1bado, dia 2, Sofia performou o hit \u201cQuase N\u00e3o Namoro\u201d, single em parceria com Marina Sena.<\/p>\n\n\n\n<p>Conterr\u00e2neas, Sofia e Juliette se conhecem desde antes do sucesso das artistas na m\u00fasica. Agora, se reencontram para celebrar. \u201cEsse encontro foi muito especial. Al\u00e9m de eu reencontrar a Juliette, que eu conhe\u00e7o h\u00e1 muito tempo, cantamos juntas o hit \u2018Quase N\u00e3o Namoro\u2019 e \u2018Porta do Sol\u2019. Al\u00e9m disso, ainda cantei \u2018S\u00f3 Minha\u2019, single que lancei recentemente. Foi muito especial a celebra\u00e7\u00e3o da m\u00fasica nordestina para um p\u00fablico de mais de duas mil pessoas\u201d, celebra Sofia.<\/p>\n\n\n\n<p>Agora, continuando os trabalhos do EP \u201cDiferente\u201d, Sofia lan\u00e7a a quarta faixa do projeto, \u201cMuitos Beijinhos\u201d. A faixa traz uma brincadeira, de forma leve e sexy, sobre ter muita vontade de ficar com algu\u00e9m desde o primeiro momento que avistou essa pessoa, trazendo a m\u00fasica latino-americana para dentro do MPB, com elementos nordestinos no beat.<\/p>\n\n\n\n<p>Produzida por Andr\u00e9 Vitor Leite, tamb\u00e9m paraibano, produtor musical que j\u00e1 trabalhou com nomes como Lucy Alves, com visualizer produzido e gravado por Isabella Bauptista, mostrando na sua est\u00e9tica divertida e de cores quentes, o ritmo e as batidas latinas da m\u00fasica, que remetem tamb\u00e9m ao brega nordestino, com toques leves de sensualidade e brincadeira.<\/p>\n\n\n\n<p>Este \u00e9 o quarto single de EP , sendo que \u201cDiferente\u201d , \u201cPesadelo\u201d e \u201cS\u00f3 Minha\u201d j\u00e1 est\u00e3o dispon\u00edveis em todos aplicativos de m\u00fasica, a primeira foi a m\u00fasica escolhida para a nova campanha da C&amp;A, com o Instituto C&amp;A e Nordestesse, collab feita com marcas dos nove estados nordestinos, todas lideradas por mulheres e celebrando o empreendedorismo feminino, moda e o pertencimento cultural. A m\u00fasica est\u00e1 sendo veiculada e utilizada no digital pela C&amp;A.<\/p>\n\n\n\n<p>A m\u00fasica \u201cS\u00f3 Minha\u201d ganhou vers\u00e3o ac\u00fastica e clipe, gravado com o projeto: S\u00f3 Minha \u2013 live, por diversas cantoras juntamente com Sofia Gayoso, que representam diversas identidades e locais do Brasil e se juntaram para divulga\u00e7\u00e3o do Instituto Re.tomar e estimular o combate \u00e0 viol\u00eancia dom\u00e9stica, tendo a m\u00fasica \u201cS\u00f3 Minha\u201d como hino de liberdade e empoderamento para essas mulheres.<br>Sobre Sofia Gayoso<br>Sofia Gayoso \u00e9 uma artista independente paraibana que combina elementos do pop da nova MPB com a ess\u00eancia da Para\u00edba em seu estilo vocal. Aos 28 anos, depois de uma transi\u00e7\u00e3o de carreira, mudou-se para S\u00e3o Paulo em busca de novas oportunidades e experi\u00eancias musicais.<br>Redes Sociais de Sofia Gayoso:<br>Instagram: @sofiagayoso<br>YouTube: Sofia Gayoso<br>Twitter: Sofia Gayoso<br>Tiktok:&nbsp;sofia.gayoso<\/p>\n","protected":false},"excerpt":{"rendered":"<p>Ap\u00f3s cantar com Juliette, Sofia Gayoso lan\u00e7a \u201cMuitos Beijinhos\u201d Faixa \u00e9 o quarto lan\u00e7amento do EP \u201cDiferente\u201d. Um dos grandes destaques da m\u00fasica nordestina, Sofia Gayoso s\u00f3 tem o que comemorar. Ap\u00f3s participar de campanha publicit\u00e1ria da C&amp;A, a cantora foi convidada por ningu\u00e9m menos que Juliette para se apresentar durante a passagem da turn\u00ea [&hellip;]<\/p>\n","protected":false},"author":1,"featured_media":1823,"comment_status":"open","ping_status":"open","sticky":false,"template":"","format":"standard","meta":{"footnotes":""},"categories":[27],"tags":[],"class_list":["post-1822","post","type-post","status-publish","format-standard","has-post-thumbnail","hentry","category-musica"],"_links":{"self":[{"href":"https:\/\/diarioparanaense.com\/index.php?rest_route=\/wp\/v2\/posts\/1822","targetHints":{"allow":["GET"]}}],"collection":[{"href":"https:\/\/diarioparanaense.com\/index.php?rest_route=\/wp\/v2\/posts"}],"about":[{"href":"https:\/\/diarioparanaense.com\/index.php?rest_route=\/wp\/v2\/types\/post"}],"author":[{"embeddable":true,"href":"https:\/\/diarioparanaense.com\/index.php?rest_route=\/wp\/v2\/users\/1"}],"replies":[{"embeddable":true,"href":"https:\/\/diarioparanaense.com\/index.php?rest_route=%2Fwp%2Fv2%2Fcomments&post=1822"}],"version-history":[{"count":1,"href":"https:\/\/diarioparanaense.com\/index.php?rest_route=\/wp\/v2\/posts\/1822\/revisions"}],"predecessor-version":[{"id":1824,"href":"https:\/\/diarioparanaense.com\/index.php?rest_route=\/wp\/v2\/posts\/1822\/revisions\/1824"}],"wp:featuredmedia":[{"embeddable":true,"href":"https:\/\/diarioparanaense.com\/index.php?rest_route=\/wp\/v2\/media\/1823"}],"wp:attachment":[{"href":"https:\/\/diarioparanaense.com\/index.php?rest_route=%2Fwp%2Fv2%2Fmedia&parent=1822"}],"wp:term":[{"taxonomy":"category","embeddable":true,"href":"https:\/\/diarioparanaense.com\/index.php?rest_route=%2Fwp%2Fv2%2Fcategories&post=1822"},{"taxonomy":"post_tag","embeddable":true,"href":"https:\/\/diarioparanaense.com\/index.php?rest_route=%2Fwp%2Fv2%2Ftags&post=1822"}],"curies":[{"name":"wp","href":"https:\/\/api.w.org\/{rel}","templated":true}]}}