{"id":1817,"date":"2023-12-08T15:00:56","date_gmt":"2023-12-08T18:00:56","guid":{"rendered":"https:\/\/diarioparanaense.com\/?p=1817"},"modified":"2023-12-08T15:00:57","modified_gmt":"2023-12-08T18:00:57","slug":"bullet-bane-abre-o-universo-conceitual-do-proximo-album-com-o-single-elevador","status":"publish","type":"post","link":"https:\/\/diarioparanaense.com\/?p=1817","title":{"rendered":"Bullet Bane abre o universo conceitual do pr\u00f3ximo \u00e1lbum com o single \u201cElevador\u201d"},"content":{"rendered":"\n<p class=\"has-medium-font-size\">Bullet Bane abre o universo conceitual do pr\u00f3ximo \u00e1lbum com o single \u201cElevador\u201d<\/p>\n\n\n\n<p><br>Faixa \u00e9 o primeiro lan\u00e7amento do novo EP da banda, que ter\u00e1 lan\u00e7amentos mensais a partir de dezembro de 2023.<br><br>A banda Bullet Bane lan\u00e7a nesta quinta-feira (08\/12) o single \u201cElevador\u201d, que d\u00e1 in\u00edcio \u00e0 narrativa do pr\u00f3ximo \u00e1lbum, \u201cART.FICIAL\u201d, que ser\u00e1 lan\u00e7ado em 2024.<\/p>\n\n\n\n<p>A m\u00fasica \u00e9 uma analogia sobre a inconst\u00e2ncia da vida e dos sentimentos. O \u201celevador\u201d, na verdade, \u00e9 o \u201ccora\u00e7\u00e3o\u201d, que vive em seus altos e baixos; que quando se prende a algu\u00e9m em seus relacionamentos humanos pode ser inconstante, complexo e intenso.<\/p>\n\n\n\n<p>\u201cElevador\u201d \u00e9 uma tradu\u00e7\u00e3o da forma de se sentir, de se relacionar e de ser sincero e transparente diante das suas complexidades internas\u201d, explica o vocalista Arthur Mutanen.<\/p>\n\n\n\n<p>O videoclipe da m\u00fasica foi dirigido pelo pr\u00f3prio Arthur Mutanen e gerado atrav\u00e9s de Intelig\u00eancia Artificial. Quem assiste ao clipe \u00e9 convidado e conduzido pela atriz Kalera a adentrar nesse novo mundo. Ela, que pode existir tanto no mundo real, quanto nesse mundo criado em IA, \u201crouba\u201d os membros da banda para o seu mundo artificial, que, por sua vez, levam as confiss\u00f5es e as complexidades de um \u201ccora\u00e7\u00e3o elevador\u201d para essa nova realidade.<\/p>\n\n\n\n<p>\u201cEstamos muito empolgados com essa nova fase, ela representa o momento mais criativamente aflorado e livre de nossas vidas\u201d, comemora Arthur Mutanen.<\/p>\n\n\n\n<p>O \u00e1lbum \u201cART.FICIAL\u201d ter\u00e1 14 faixas e 5 videoclipes. A banda se prepara para lan\u00e7ar esse novo \u00e1lbum, em 2024, para agraciar seu p\u00fablico fiel e chegar a novos ouvintes com este trabalho. Depois, entrar\u00e1 em turn\u00ea com shows de lan\u00e7amento por diversos estados do Brasil.<\/p>\n\n\n\n<p>Vocalista da banda, Arthur Mutanen explica que a can\u00e7\u00e3o \u00e9 a introdu\u00e7\u00e3o do novo disco. &#8220;&#8216;Elevador&#8217; \u00e9 o trabalho que inicia a nossa nova era, a era do pr\u00f3ximo \u00e1lbum &#8216;ART.FICIAL&#8217;, que lan\u00e7aremos em 2024. Enquanto fala de sentimentos e de um &#8216;cora\u00e7\u00e3o elevador&#8217;, que tem seus &#8216;altos e baixos&#8217;, essa faixa abre o universo conceitual de &#8216;ART.FICIAL&#8217;. Nossos f\u00e3s ir\u00e3o n\u00e3o apenas ouvir nossos novos sons, mas tamb\u00e9m entrar\u00e3o em um universo pr\u00f3prio que extrapola somente a parte musical. Estamos preparando intera\u00e7\u00f5es e outras surpresas especiais para que a experi\u00eancia possa transcender o ambiente da m\u00fasica. Estamos muito empolgados com essa nova fase, ela representa o momento mais criativamente aflorado e livre de nossas vidas.&#8221;, finaliza.<\/p>\n\n\n\n<p class=\"has-medium-font-size\">Sobre o Bullet Bane<\/p>\n\n\n\n<p>Bullet Bane \u00e9 uma banda de rock alternativo, de S\u00e3o Paulo (SP), formada por Arthur Mutanen (vocal), Danilo de Souza (guitarra), Fernando Uehara (guitarra), Rafael Goldin (baixo) e Renan Garcia (bateria). O grupo iniciou sua trajet\u00f3ria no ano de 2009 e j\u00e1 conta com mais de 10 trabalhos lan\u00e7ados, entre \u00e1lbuns, EPs e splits, al\u00e9m de um DVD Ao Vivo.<br>\u200b<br>A banda, que j\u00e1 realizou diversas turn\u00eas passando por quase todos os estados brasileiros, se apresentou, em 2019, no maior festival musical do planeta, o Rock In Rio, al\u00e9m de j\u00e1 ter dividido palco, em outras oportunidades, com bandas de renome internacional, como NOFX, No Fun At All, A Wilhelm Scream, Belvedere, Less Than Jake, Millencolin, Mute, Close Your Eyes e Circa Survive. Al\u00e9m disso, j\u00e1 participou tamb\u00e9m de diversos outros festivais, como Garage Sounds e Oxig\u00eanio Fest.<br>\u200b<br>BLLT, como destaca a banda, \u00e9 muito mais do que uma sigla: \u00e9 a manifesta\u00e7\u00e3o potente de Bullet Bane e seu hist\u00f3rico na m\u00fasica. O registro estar\u00e1 dispon\u00edvel nas plataformas de streaming no dia 6 de maio, a apenas alguns dias antes do show no Fabrique.<br>BLLT vai mostrar a for\u00e7a criativa do quinteto, que aqui reitera as ra\u00edzes nas melodias do rock\u2019 n\u2019 roll combinadas \u00e0s letras que falam de emo\u00e7\u00f5es, medos, erros e acertos.<br>\u200b<br>A sonoridade vai, entretanto, al\u00e9m da ess\u00eancia: os riffs marcantes de rock ganham ambi\u00eancias e impactos tamb\u00e9m por meio de sons eletr\u00f4nicos.<\/p>\n\n\n\n<p>Diferente dos discos anteriores, s\u00e3o os cinco integrantes que estampam a capa de BLLT. Representa o somat\u00f3rio de como o trabalho ser\u00e1 marcante nesta busca por escancarar a ess\u00eancia da banda. Em resumo, unidade \u00e9 a palavra-chave deste lan\u00e7amento.<\/p>\n\n\n\n<p>S\u00e3o oito faixas, apenas uma com convidado, e, em todas, a produ\u00e7\u00e3o completa dos pr\u00f3prios m\u00fasicos (composi\u00e7\u00e3o, grava\u00e7\u00e3o, mixagem e&nbsp;masteriza\u00e7\u00e3o).<\/p>\n","protected":false},"excerpt":{"rendered":"<p>Bullet Bane abre o universo conceitual do pr\u00f3ximo \u00e1lbum com o single \u201cElevador\u201d Faixa \u00e9 o primeiro lan\u00e7amento do novo EP da banda, que ter\u00e1 lan\u00e7amentos mensais a partir de dezembro de 2023. A banda Bullet Bane lan\u00e7a nesta quinta-feira (08\/12) o single \u201cElevador\u201d, que d\u00e1 in\u00edcio \u00e0 narrativa do pr\u00f3ximo \u00e1lbum, \u201cART.FICIAL\u201d, que ser\u00e1 [&hellip;]<\/p>\n","protected":false},"author":1,"featured_media":1818,"comment_status":"open","ping_status":"open","sticky":false,"template":"","format":"standard","meta":{"footnotes":""},"categories":[27],"tags":[],"class_list":["post-1817","post","type-post","status-publish","format-standard","has-post-thumbnail","hentry","category-musica"],"_links":{"self":[{"href":"https:\/\/diarioparanaense.com\/index.php?rest_route=\/wp\/v2\/posts\/1817","targetHints":{"allow":["GET"]}}],"collection":[{"href":"https:\/\/diarioparanaense.com\/index.php?rest_route=\/wp\/v2\/posts"}],"about":[{"href":"https:\/\/diarioparanaense.com\/index.php?rest_route=\/wp\/v2\/types\/post"}],"author":[{"embeddable":true,"href":"https:\/\/diarioparanaense.com\/index.php?rest_route=\/wp\/v2\/users\/1"}],"replies":[{"embeddable":true,"href":"https:\/\/diarioparanaense.com\/index.php?rest_route=%2Fwp%2Fv2%2Fcomments&post=1817"}],"version-history":[{"count":1,"href":"https:\/\/diarioparanaense.com\/index.php?rest_route=\/wp\/v2\/posts\/1817\/revisions"}],"predecessor-version":[{"id":1819,"href":"https:\/\/diarioparanaense.com\/index.php?rest_route=\/wp\/v2\/posts\/1817\/revisions\/1819"}],"wp:featuredmedia":[{"embeddable":true,"href":"https:\/\/diarioparanaense.com\/index.php?rest_route=\/wp\/v2\/media\/1818"}],"wp:attachment":[{"href":"https:\/\/diarioparanaense.com\/index.php?rest_route=%2Fwp%2Fv2%2Fmedia&parent=1817"}],"wp:term":[{"taxonomy":"category","embeddable":true,"href":"https:\/\/diarioparanaense.com\/index.php?rest_route=%2Fwp%2Fv2%2Fcategories&post=1817"},{"taxonomy":"post_tag","embeddable":true,"href":"https:\/\/diarioparanaense.com\/index.php?rest_route=%2Fwp%2Fv2%2Ftags&post=1817"}],"curies":[{"name":"wp","href":"https:\/\/api.w.org\/{rel}","templated":true}]}}