{"id":1816,"date":"2023-12-08T15:02:15","date_gmt":"2023-12-08T18:02:15","guid":{"rendered":"https:\/\/diarioparanaense.com\/?p=1816"},"modified":"2023-12-08T15:02:16","modified_gmt":"2023-12-08T18:02:16","slug":"brasativa-lanca-single-sente-a-vibe-com-clipe-gravado-em-pista-de-skate","status":"publish","type":"post","link":"https:\/\/diarioparanaense.com\/?p=1816","title":{"rendered":"Brasativa lan\u00e7a single \u201cSente a Vibe\u201d com clipe gravado em pista de skate"},"content":{"rendered":"\n<p class=\"has-medium-font-size\">Faixa \u00e9 o primeiro lan\u00e7amento do novo EP da banda, que ter\u00e1 lan\u00e7amentos mensais a partir de dezembro de 2023.<\/p>\n\n\n\n<p>Brasativa lan\u00e7a single \u201cSente a Vibe\u201d com clipe gravado em pista de skate<br>Faixa \u00e9 o primeiro lan\u00e7amento do novo EP da banda, que ter\u00e1 lan\u00e7amentos mensais a partir de dezembro de 2023.<\/p>\n\n\n\n<p>Fotos: https:\/\/drive.google.com\/drive\/folders\/1A71aBZ1MN-LkuPOfXxJ-RIS5rNH6KnRA<\/p>\n\n\n\n<p>O trio Brasativa, formado por Bruno Dupre (voz e guitarra), Muka (Bateria) e Rato Bass (Contrabaixo), lan\u00e7a nesta quinta-feira (08\/12) o single \u201cSente a Vibe\u201d. A faixa traz uma pegada forte do Trap Reggae, com elementos org\u00e2nicos como metais, teclados e backing vocals, mas conversando muito bem com a linguagem Pop atual.<\/p>\n\n\n\n<p>\u201c&#8217;Sente a Vibe&#8217; \u00e9 um convite \u00e0 experi\u00eancia de se sentir e ser feliz. Como aquela vibe boa que a m\u00fasica pode proporcionar\u201d, conta Bruno Dupre. \u201cA m\u00fasica perfeita pra curtir o ver\u00e3o e trilha certa pra postar nos stories em qualquer momento especial.\u201d, acrescenta.<\/p>\n\n\n\n<p>O clipe da m\u00fasica foi gravado na Cavepool, uma pista de skate no Butant\u00e3, SP, que \u00e9 um celeiro de atletas e um polo da cultura urbana em S\u00e3o Paulo. O roteiro se passou desde a tarde e culminou no show da noite, quando as cenas do ao vivo foram captadas com a energia da galera.<\/p>\n\n\n\n<p>\u201cA gente queria fazer um clipe que representasse a vibe da m\u00fasica, que \u00e9 de celebra\u00e7\u00e3o e alegria. O Cavepool \u00e9 um lugar que tem tudo a ver com isso, ent\u00e3o foi a escolha perfeita.\u201d, diz Brasativa.<\/p>\n\n\n\n<p>\u201cSente a Vibe\u201d \u00e9 o primeiro single do pr\u00f3ximo EP do Brasativa, que ainda conta com outras 4 faixas in\u00e9ditas que ser\u00e3o lan\u00e7adas, uma por m\u00eas, a partir de dezembro. O EP \u00e9 produzido por Bruno Dupre, que tamb\u00e9m assina a letra da m\u00fasica.<\/p>\n\n\n\n<p>O grupo foi contemplado no 7\u00ba Edital de Fomento \u00e0 Linguagem Reggae na categoria Circula\u00e7\u00e3o e, em 2024, prepara uma turn\u00ea por casas de Cultura e CEUS, com shows gratuitos por toda a cidade&nbsp;de&nbsp;S\u00e3o&nbsp;Paulo.<\/p>\n","protected":false},"excerpt":{"rendered":"<p>Faixa \u00e9 o primeiro lan\u00e7amento do novo EP da banda, que ter\u00e1 lan\u00e7amentos mensais a partir de dezembro de 2023. Brasativa lan\u00e7a single \u201cSente a Vibe\u201d com clipe gravado em pista de skateFaixa \u00e9 o primeiro lan\u00e7amento do novo EP da banda, que ter\u00e1 lan\u00e7amentos mensais a partir de dezembro de 2023. Fotos: https:\/\/drive.google.com\/drive\/folders\/1A71aBZ1MN-LkuPOfXxJ-RIS5rNH6KnRA O [&hellip;]<\/p>\n","protected":false},"author":1,"featured_media":1820,"comment_status":"open","ping_status":"open","sticky":false,"template":"","format":"standard","meta":{"footnotes":""},"categories":[27],"tags":[],"class_list":["post-1816","post","type-post","status-publish","format-standard","has-post-thumbnail","hentry","category-musica"],"_links":{"self":[{"href":"https:\/\/diarioparanaense.com\/index.php?rest_route=\/wp\/v2\/posts\/1816","targetHints":{"allow":["GET"]}}],"collection":[{"href":"https:\/\/diarioparanaense.com\/index.php?rest_route=\/wp\/v2\/posts"}],"about":[{"href":"https:\/\/diarioparanaense.com\/index.php?rest_route=\/wp\/v2\/types\/post"}],"author":[{"embeddable":true,"href":"https:\/\/diarioparanaense.com\/index.php?rest_route=\/wp\/v2\/users\/1"}],"replies":[{"embeddable":true,"href":"https:\/\/diarioparanaense.com\/index.php?rest_route=%2Fwp%2Fv2%2Fcomments&post=1816"}],"version-history":[{"count":1,"href":"https:\/\/diarioparanaense.com\/index.php?rest_route=\/wp\/v2\/posts\/1816\/revisions"}],"predecessor-version":[{"id":1821,"href":"https:\/\/diarioparanaense.com\/index.php?rest_route=\/wp\/v2\/posts\/1816\/revisions\/1821"}],"wp:featuredmedia":[{"embeddable":true,"href":"https:\/\/diarioparanaense.com\/index.php?rest_route=\/wp\/v2\/media\/1820"}],"wp:attachment":[{"href":"https:\/\/diarioparanaense.com\/index.php?rest_route=%2Fwp%2Fv2%2Fmedia&parent=1816"}],"wp:term":[{"taxonomy":"category","embeddable":true,"href":"https:\/\/diarioparanaense.com\/index.php?rest_route=%2Fwp%2Fv2%2Fcategories&post=1816"},{"taxonomy":"post_tag","embeddable":true,"href":"https:\/\/diarioparanaense.com\/index.php?rest_route=%2Fwp%2Fv2%2Ftags&post=1816"}],"curies":[{"name":"wp","href":"https:\/\/api.w.org\/{rel}","templated":true}]}}