{"id":1813,"date":"2023-12-08T14:58:38","date_gmt":"2023-12-08T17:58:38","guid":{"rendered":"https:\/\/diarioparanaense.com\/?p=1813"},"modified":"2023-12-08T14:58:38","modified_gmt":"2023-12-08T17:58:38","slug":"desospitalizacao-assertiva-em-transicao-de-cuidados","status":"publish","type":"post","link":"https:\/\/diarioparanaense.com\/?p=1813","title":{"rendered":"Desospitaliza\u00e7\u00e3o assertiva em Transi\u00e7\u00e3o de Cuidados"},"content":{"rendered":"\n<p class=\"has-medium-font-size\"><em>Tempo m\u00e9dio de interna\u00e7\u00e3o e retorno ao lar sem necessidade de home care s\u00e3o destaques da YUNA<\/em><\/p>\n\n\n\n<p>Em Transi\u00e7\u00e3o de Cuidados, a reabilita\u00e7\u00e3o geralmente \u00e9 conduzida no momento subagudo e subcr\u00f4nico da doen\u00e7a. Nessa fase, o objetivo da equipe multiprofissional \u00e9 promover a melhor recupera\u00e7\u00e3o funcional no menor tempo h\u00e1bil indicado para cada caso.<\/p>\n\n\n\n<p>Entre os meses de janeiro e outubro deste ano, a YUNA, institui\u00e7\u00e3o de transi\u00e7\u00e3o de cuidados, teve 94% das altas referentes \u00e0 Reabilita\u00e7\u00e3o direcionadas ao segmento Ambulatorial, com destaque para o n\u00edvel de funcionalidade que propiciou a redu\u00e7\u00e3o da complexidade dos cuidados.<\/p>\n\n\n\n<p>Quanto \u00e0 MIF (Medida de Independ\u00eancia Funcional), 65% dos pacientes receberam alta com independ\u00eancia completa ou depend\u00eancia m\u00ednima (25%).<\/p>\n\n\n\n<p>No \u00e2mbito geral, que inclui Reabilita\u00e7\u00e3o, Cuidados Continuados e Cuidados de longa perman\u00eancia, a m\u00e9dia geral de estadia foi de 51 dias. J\u00e1 com rela\u00e7\u00e3o somente \u00e0 Reabilita\u00e7\u00e3o, a m\u00e9dia de perman\u00eancia foi de 49 dias.<\/p>\n\n\n\n<p><strong>AVDs e os impactos para os pacientes<\/strong><\/p>\n\n\n\n<p>\u201cDurante a Reabilita\u00e7\u00e3o, os pacientes n\u00e3o s\u00f3 se recuperam fisicamente, mas tamb\u00e9m s\u00e3o preparados para retomar a rotina de atividades de vida di\u00e1ria (AVDs) que encontrar\u00e3o no p\u00f3s-alta, o que geralmente n\u00e3o \u00e9 feito nos servi\u00e7os hospitalares. Dessa forma, ap\u00f3s o per\u00edodo de reabilita\u00e7\u00e3o em regime de transi\u00e7\u00e3o, muitos pacientes retornam \u00e0 vida domiciliar e comunit\u00e1ria sem necessidade de assist\u00eancia de Home Care\u201d, esclarece o Dr. Luca Adan, fisiatra da YUNA.<\/p>\n\n\n\n<p><\/p>\n\n\n\n<p>De acordo com Dr. Luca, frequentemente os pacientes apresentam-se com independ\u00eancia funcional suficiente para continuar participando e evoluindo com as atividades b\u00e1sicas de vida no domic\u00edlio, al\u00e9m de mobilidade suficiente para seguir se reabilitando em servi\u00e7os ambulatoriais. E, dependendo da evolu\u00e7\u00e3o, os pacientes j\u00e1 s\u00e3o preparados e estimulados ao retorno a vida social e a participa\u00e7\u00e3o em atividades instrumentais de vida na comunidade.<\/p>\n\n\n\n<p>\u201cOutro aspecto importante da reabilita\u00e7\u00e3o em servi\u00e7os de transi\u00e7\u00e3o \u00e9 a educa\u00e7\u00e3o e adapta\u00e7\u00e3o do paciente e seus familiares \u00e0 nova realidade ap\u00f3s um agravo de sa\u00fade limitante. Com frequ\u00eancia s\u00e3o necess\u00e1rias adapta\u00e7\u00f5es de acessibilidade no domic\u00edlio, novas estrat\u00e9gias de cuidados e otimiza\u00e7\u00e3o da rotina de atividades para cada paciente conseguir retornar a vida familiar com o m\u00e1ximo de funcionalidade poss\u00edvel\u201d, completa o fisiatra.<\/p>\n\n\n\n<p>Os per\u00edodos de reabilita\u00e7\u00e3o durante a passagem da transi\u00e7\u00e3o de cuidados para o domic\u00edlio t\u00eam sido fundamentais para se reduzir o impacto de doen\u00e7a na vida dos indiv\u00edduos ao melhorar significativamente o curso da recupera\u00e7\u00e3o ap\u00f3s o per\u00edodo&nbsp;hospitalar.<\/p>\n\n\n\n<p><strong>Sobre a YUNA<\/strong><\/p>\n\n\n\n<p>A YUNA, especializada em transi\u00e7\u00e3o de cuidados, oferece suporte completo para pacientes de reabilita\u00e7\u00e3o, cuidados paliativos e continuados, atendimento individualizado e assist\u00eancia transdisciplinar. Mais informa\u00e7\u00f5es no telefone (11) 3087-3800 ou no site&nbsp; <a href=\"https:\/\/yuna.com.br\/\">https:\/\/yuna.com.br\/<\/a>.<\/p>\n","protected":false},"excerpt":{"rendered":"<p>Tempo m\u00e9dio de interna\u00e7\u00e3o e retorno ao lar sem necessidade de home care s\u00e3o destaques da YUNA Em Transi\u00e7\u00e3o de Cuidados, a reabilita\u00e7\u00e3o geralmente \u00e9 conduzida no momento subagudo e subcr\u00f4nico da doen\u00e7a. Nessa fase, o objetivo da equipe multiprofissional \u00e9 promover a melhor recupera\u00e7\u00e3o funcional no menor tempo h\u00e1bil indicado para cada caso. Entre [&hellip;]<\/p>\n","protected":false},"author":1,"featured_media":1814,"comment_status":"open","ping_status":"open","sticky":false,"template":"","format":"standard","meta":{"footnotes":""},"categories":[164],"tags":[],"class_list":["post-1813","post","type-post","status-publish","format-standard","has-post-thumbnail","hentry","category-saude-2"],"_links":{"self":[{"href":"https:\/\/diarioparanaense.com\/index.php?rest_route=\/wp\/v2\/posts\/1813","targetHints":{"allow":["GET"]}}],"collection":[{"href":"https:\/\/diarioparanaense.com\/index.php?rest_route=\/wp\/v2\/posts"}],"about":[{"href":"https:\/\/diarioparanaense.com\/index.php?rest_route=\/wp\/v2\/types\/post"}],"author":[{"embeddable":true,"href":"https:\/\/diarioparanaense.com\/index.php?rest_route=\/wp\/v2\/users\/1"}],"replies":[{"embeddable":true,"href":"https:\/\/diarioparanaense.com\/index.php?rest_route=%2Fwp%2Fv2%2Fcomments&post=1813"}],"version-history":[{"count":1,"href":"https:\/\/diarioparanaense.com\/index.php?rest_route=\/wp\/v2\/posts\/1813\/revisions"}],"predecessor-version":[{"id":1815,"href":"https:\/\/diarioparanaense.com\/index.php?rest_route=\/wp\/v2\/posts\/1813\/revisions\/1815"}],"wp:featuredmedia":[{"embeddable":true,"href":"https:\/\/diarioparanaense.com\/index.php?rest_route=\/wp\/v2\/media\/1814"}],"wp:attachment":[{"href":"https:\/\/diarioparanaense.com\/index.php?rest_route=%2Fwp%2Fv2%2Fmedia&parent=1813"}],"wp:term":[{"taxonomy":"category","embeddable":true,"href":"https:\/\/diarioparanaense.com\/index.php?rest_route=%2Fwp%2Fv2%2Fcategories&post=1813"},{"taxonomy":"post_tag","embeddable":true,"href":"https:\/\/diarioparanaense.com\/index.php?rest_route=%2Fwp%2Fv2%2Ftags&post=1813"}],"curies":[{"name":"wp","href":"https:\/\/api.w.org\/{rel}","templated":true}]}}