{"id":1807,"date":"2023-12-08T14:55:53","date_gmt":"2023-12-08T17:55:53","guid":{"rendered":"https:\/\/diarioparanaense.com\/?p=1807"},"modified":"2023-12-08T14:55:53","modified_gmt":"2023-12-08T17:55:53","slug":"filipe-toca-lanca-videoclipe-de-cortejo-com-clara-valverde","status":"publish","type":"post","link":"https:\/\/diarioparanaense.com\/?p=1807","title":{"rendered":"Filipe Toca lan\u00e7a videoclipe de &#8220;Cortejo&#8221; com Clara Valverde"},"content":{"rendered":"\n<p class=\"has-medium-font-size\">O cen\u00e1rio paradis\u00edaco da Ilha da Gig\u00f3ia, no Rio de Janeiro, foi o pano de fundo para a atmosfera rom\u00e2ntica do novo single<\/p>\n\n\n\n<p>O cantor e compositor Filipe Toca lan\u00e7a nesta sexta-feira (08), o videoclipe de &#8220;Cortejo&#8221;, seu mais novo single em parceria com Clara Valverde. A produ\u00e7\u00e3o, que ser\u00e1 disponibilizada no Youtube, promete encantar o p\u00fablico ao mergulhar na ess\u00eancia rom\u00e2ntica da can\u00e7\u00e3o, em um p\u00f4r do sol na Ilha da Gig\u00f3ia, no Rio de Janeiro.<\/p>\n\n\n\n<p>Para Filipe, a ideia principal por tr\u00e1s do videoclipe foi trazer \u00e0 vida a ess\u00eancia da m\u00fasica, carregada de brasilidade e vibra\u00e7\u00f5es rom\u00e2nticas. \u201cQuer\u00edamos uma est\u00e9tica que remetesse ao Brasil, com muito verde, \u00e1gua, ruas coloridas, casas com fachadas lindas e simples, sem exatamente um roteiro. O que n\u00f3s quer\u00edamos era experimentar uma sequ\u00eancia de imagens com as cores, os cen\u00e1rios e as express\u00f5es que a m\u00fasica transmite\u201d, conta.<\/p>\n\n\n\n<p>A escolha da Ilha da Gig\u00f3ia como o cen\u00e1rio principal para as grava\u00e7\u00f5es, foi uma decis\u00e3o significativa para o artista, que j\u00e1 possui uma conex\u00e3o com o destino paradis\u00edaco. \u201cEsse \u00e9 um lugar que eu adoro, cheio de natureza. Tem algumas cenas num barquinho, com o sol se pondo no fundo. Isso foi fundamental para conseguirmos chegar no resultado desejado\u201d, diz o cantor.<\/p>\n\n\n\n<p>Na produ\u00e7\u00e3o, Filipe e Clara optaram por trazer \u00e0 tona um romance n\u00e3o apenas entre dois indiv\u00edduos, mas indo al\u00e9m. \u201cNossa inten\u00e7\u00e3o n\u00e3o foi trazer exatamente o romantismo de um casal, \u00e9 o romantismo pela vida mesmo. Apreciar o mundo ao nosso redor, na companhia de algu\u00e9m\u201d, explicou o cantor.<br>O artista ainda revelou que a parceria com Clara Valverde, com quem j\u00e1 trabalhou anteriormente, trouxe uma din\u00e2mica especial ao processo de grava\u00e7\u00e3o do videoclipe e o resultado ficou surpreendente. \u201cAh, foi maravilhoso. Trabalhar entre amigos \u00e9 sempre gostoso. Tudo \u00e9 motivo pra risada, tudo fica mais leve\u201d,&nbsp;expressa.<\/p>\n","protected":false},"excerpt":{"rendered":"<p>O cen\u00e1rio paradis\u00edaco da Ilha da Gig\u00f3ia, no Rio de Janeiro, foi o pano de fundo para a atmosfera rom\u00e2ntica do novo single O cantor e compositor Filipe Toca lan\u00e7a nesta sexta-feira (08), o videoclipe de &#8220;Cortejo&#8221;, seu mais novo single em parceria com Clara Valverde. A produ\u00e7\u00e3o, que ser\u00e1 disponibilizada no Youtube, promete encantar [&hellip;]<\/p>\n","protected":false},"author":1,"featured_media":1811,"comment_status":"open","ping_status":"open","sticky":false,"template":"","format":"standard","meta":{"footnotes":""},"categories":[27],"tags":[],"class_list":["post-1807","post","type-post","status-publish","format-standard","has-post-thumbnail","hentry","category-musica"],"_links":{"self":[{"href":"https:\/\/diarioparanaense.com\/index.php?rest_route=\/wp\/v2\/posts\/1807","targetHints":{"allow":["GET"]}}],"collection":[{"href":"https:\/\/diarioparanaense.com\/index.php?rest_route=\/wp\/v2\/posts"}],"about":[{"href":"https:\/\/diarioparanaense.com\/index.php?rest_route=\/wp\/v2\/types\/post"}],"author":[{"embeddable":true,"href":"https:\/\/diarioparanaense.com\/index.php?rest_route=\/wp\/v2\/users\/1"}],"replies":[{"embeddable":true,"href":"https:\/\/diarioparanaense.com\/index.php?rest_route=%2Fwp%2Fv2%2Fcomments&post=1807"}],"version-history":[{"count":1,"href":"https:\/\/diarioparanaense.com\/index.php?rest_route=\/wp\/v2\/posts\/1807\/revisions"}],"predecessor-version":[{"id":1812,"href":"https:\/\/diarioparanaense.com\/index.php?rest_route=\/wp\/v2\/posts\/1807\/revisions\/1812"}],"wp:featuredmedia":[{"embeddable":true,"href":"https:\/\/diarioparanaense.com\/index.php?rest_route=\/wp\/v2\/media\/1811"}],"wp:attachment":[{"href":"https:\/\/diarioparanaense.com\/index.php?rest_route=%2Fwp%2Fv2%2Fmedia&parent=1807"}],"wp:term":[{"taxonomy":"category","embeddable":true,"href":"https:\/\/diarioparanaense.com\/index.php?rest_route=%2Fwp%2Fv2%2Fcategories&post=1807"},{"taxonomy":"post_tag","embeddable":true,"href":"https:\/\/diarioparanaense.com\/index.php?rest_route=%2Fwp%2Fv2%2Ftags&post=1807"}],"curies":[{"name":"wp","href":"https:\/\/api.w.org\/{rel}","templated":true}]}}