{"id":1801,"date":"2023-12-07T11:47:35","date_gmt":"2023-12-07T14:47:35","guid":{"rendered":"https:\/\/diarioparanaense.com\/?p=1801"},"modified":"2023-12-07T11:47:35","modified_gmt":"2023-12-07T14:47:35","slug":"hospital-sao-vicente-e-premiado-como-melhor-organizacao-brasileira-do-setor-em-seguranca-no-trabalho","status":"publish","type":"post","link":"https:\/\/diarioparanaense.com\/?p=1801","title":{"rendered":"Hospital S\u00e3o Vicente \u00e9 premiado como melhor organiza\u00e7\u00e3o brasileira do setor em seguran\u00e7a no trabalho"},"content":{"rendered":"\n<p class=\"has-medium-font-size\">Na categoria sa\u00fade, a institui\u00e7\u00e3o paranaense foi reconhecida pela implementa\u00e7\u00e3o de pol\u00edticas que aprimoram as condi\u00e7\u00f5es de trabalho e previnem acidentes<\/p>\n\n\n\n<p>Na \u00faltima semana, em S\u00e3o Paulo, o Hospital S\u00e3o Vicente recebeu o pr\u00eamio de Melhor Organiza\u00e7\u00e3o Brasileira, do setor da sa\u00fade, em Seguran\u00e7a e Sa\u00fade do Trabalho (SST) durante a Comenda de Honra ao M\u00e9rito de SST, promovida pela Associa\u00e7\u00e3o Nacional da Ind\u00fastria de Material de Seguran\u00e7a e Prote\u00e7\u00e3o ao Trabalho (Animaseg). H\u00e1 anos, a associa\u00e7\u00e3o faz uma an\u00e1lise voltada a quesitos de conscientiza\u00e7\u00e3o e implementa\u00e7\u00e3o de a\u00e7\u00f5es que proporcionem um ambiente de trabalho mais seguro e saud\u00e1vel.<\/p>\n\n\n\n<p>\u201cN\u00e3o sa\u00edmos dessa cerim\u00f4nia apenas com o pr\u00eamio, mas sim honrados pelo reconhecimento de uma institui\u00e7\u00e3o que valoriza os esfor\u00e7os para promover iniciativas em um assunto t\u00e3o importante quanto \u00e9 a seguran\u00e7a e sa\u00fade no trabalho. O hospital se dedica diariamente para fortalecer o setor e aprimorar as condi\u00e7\u00f5es dos nossos colaboradores\u201d, aponta Marcia Schneider, diretora-executiva do Hospital S\u00e3o Vicente.<\/p>\n\n\n\n<p>O pr\u00eamio avalia toda a trajet\u00f3ria realizada pelas empresas e profissionais indicados que possam provar que as a\u00e7\u00f5es promovidas t\u00eam resultados eficazes em prol da seguran\u00e7a e sa\u00fade do trabalho. Al\u00e9m disso, os homenageados devem propor melhorias, medidas de preven\u00e7\u00e3o e n\u00e3o podem ter registrado acidentes graves no ano anterior.<\/p>\n\n\n\n<p>Para Schneider, a troca de experi\u00eancias com os demais profissionais faz parte da busca por novas iniciativas e pelo aperfei\u00e7oamento. \u201cA integra\u00e7\u00e3o \u00e9 fundamental para valorizar as pol\u00edticas que aprimoram as condi\u00e7\u00f5es de trabalho\u201d, finaliza&nbsp;a&nbsp;diretora.<\/p>\n","protected":false},"excerpt":{"rendered":"<p>Na categoria sa\u00fade, a institui\u00e7\u00e3o paranaense foi reconhecida pela implementa\u00e7\u00e3o de pol\u00edticas que aprimoram as condi\u00e7\u00f5es de trabalho e previnem acidentes Na \u00faltima semana, em S\u00e3o Paulo, o Hospital S\u00e3o Vicente recebeu o pr\u00eamio de Melhor Organiza\u00e7\u00e3o Brasileira, do setor da sa\u00fade, em Seguran\u00e7a e Sa\u00fade do Trabalho (SST) durante a Comenda de Honra ao [&hellip;]<\/p>\n","protected":false},"author":1,"featured_media":1804,"comment_status":"open","ping_status":"open","sticky":false,"template":"","format":"standard","meta":{"footnotes":""},"categories":[424],"tags":[],"class_list":["post-1801","post","type-post","status-publish","format-standard","has-post-thumbnail","hentry","category-curitiba"],"_links":{"self":[{"href":"https:\/\/diarioparanaense.com\/index.php?rest_route=\/wp\/v2\/posts\/1801","targetHints":{"allow":["GET"]}}],"collection":[{"href":"https:\/\/diarioparanaense.com\/index.php?rest_route=\/wp\/v2\/posts"}],"about":[{"href":"https:\/\/diarioparanaense.com\/index.php?rest_route=\/wp\/v2\/types\/post"}],"author":[{"embeddable":true,"href":"https:\/\/diarioparanaense.com\/index.php?rest_route=\/wp\/v2\/users\/1"}],"replies":[{"embeddable":true,"href":"https:\/\/diarioparanaense.com\/index.php?rest_route=%2Fwp%2Fv2%2Fcomments&post=1801"}],"version-history":[{"count":1,"href":"https:\/\/diarioparanaense.com\/index.php?rest_route=\/wp\/v2\/posts\/1801\/revisions"}],"predecessor-version":[{"id":1805,"href":"https:\/\/diarioparanaense.com\/index.php?rest_route=\/wp\/v2\/posts\/1801\/revisions\/1805"}],"wp:featuredmedia":[{"embeddable":true,"href":"https:\/\/diarioparanaense.com\/index.php?rest_route=\/wp\/v2\/media\/1804"}],"wp:attachment":[{"href":"https:\/\/diarioparanaense.com\/index.php?rest_route=%2Fwp%2Fv2%2Fmedia&parent=1801"}],"wp:term":[{"taxonomy":"category","embeddable":true,"href":"https:\/\/diarioparanaense.com\/index.php?rest_route=%2Fwp%2Fv2%2Fcategories&post=1801"},{"taxonomy":"post_tag","embeddable":true,"href":"https:\/\/diarioparanaense.com\/index.php?rest_route=%2Fwp%2Fv2%2Ftags&post=1801"}],"curies":[{"name":"wp","href":"https:\/\/api.w.org\/{rel}","templated":true}]}}