{"id":1797,"date":"2023-12-06T13:12:24","date_gmt":"2023-12-06T16:12:24","guid":{"rendered":"https:\/\/diarioparanaense.com\/?p=1797"},"modified":"2023-12-06T13:12:25","modified_gmt":"2023-12-06T16:12:25","slug":"caravana-natal-encantado-mili-integra-programacao-oficial-de-curitiba","status":"publish","type":"post","link":"https:\/\/diarioparanaense.com\/?p=1797","title":{"rendered":"Caravana Natal Encantado Mili integra programa\u00e7\u00e3o oficial de Curitiba"},"content":{"rendered":"\n<p class=\"has-medium-font-size\">Nos dias 6 e 7, o Papai Noel e a mascote Emili encantar\u00e3o as ruas da capital paranaense<\/p>\n\n\n\n<p>A magia do Natal ganha ainda mais brilho na capital paranaense com a Caravana Natal Encantado Mili. Nos dias 6 e 7 de dezembro, o Papai Noel e sua fiel ajudante, a mascote Emili, percorrer\u00e3o 17 bairros levando o esp\u00edrito natalino para as fam\u00edlias curitibanas. Essa iniciativa integra oficialmente a programa\u00e7\u00e3o do Natal de Curitiba, que promove momentos de encanto e celebra\u00e7\u00e3o em toda a cidade.<\/p>\n\n\n\n<p>Os moradores da regi\u00e3o poder\u00e3o observar os caminh\u00f5es decorados da Mili entre \u00e0s 19 e 22 horas. Em ambos os dias o trajeto ter\u00e1 como ponto de partida e de destino a f\u00e1brica da Mili, localizada no bairro Tatuquara.<\/p>\n\n\n\n<p>&#8220;A caravana \u00e9 nosso gesto de gratid\u00e3o \u00e0 toda a comunidade curitibana que sempre impulsionou nosso progresso. O Natal \u00e9 um per\u00edodo de encanto e solidariedade, ent\u00e3o buscamos espalhar essa atmosfera, levando sorrisos e esperan\u00e7a para todos&#8221;, enfatiza Renata Maciel, gerente de Trade e Marketing da Mili.<\/p>\n\n\n\n<p>Programa\u00e7\u00e3o &#8211; Na quarta-feira (6), a caravana percorrer\u00e1 os bairros \u00c1gua Verde, Batel, Boqueir\u00e3o, Cap\u00e3o Raso, Centro, Centro C\u00edvico, Jardim Bot\u00e2nico, Novo Mundo, Pinheirinho, Port\u00e3o, S\u00e3o Francisco, S\u00edtio Cercado, Tatuquara e Vila Izabel.<\/p>\n\n\n\n<p>No dia seguinte, quinta-feira (7), os caminh\u00f5es do Natal Encantado Mili iluminar\u00e3o as ruas dos bairros CIC, Pinheirinho, Tatuquara, Umbar\u00e1 e do bairro Cruzeiro, situado em S\u00e3o Jos\u00e9 dos Pinhais. Nesse dia, a caravana desembarcar\u00e1 por 30 minutos na Rua da Cidadania do Tatuquara, onde o Papai Noel e a Emili distribuir\u00e3o doces e alegria para a regi\u00e3o.<\/p>\n\n\n\n<p>Para mais informa\u00e7\u00f5es sobre a caravana e seu itiner\u00e1rio, visite o site oficial em <a href=\"https:\/\/natalencantadomili.com.br\" target=\"_blank\" rel=\"noreferrer noopener\">https:\/\/natalencantadomili.com.br<\/a><\/p>\n","protected":false},"excerpt":{"rendered":"<p>Nos dias 6 e 7, o Papai Noel e a mascote Emili encantar\u00e3o as ruas da capital paranaense A magia do Natal ganha ainda mais brilho na capital paranaense com a Caravana Natal Encantado Mili. Nos dias 6 e 7 de dezembro, o Papai Noel e sua fiel ajudante, a mascote Emili, percorrer\u00e3o 17 bairros [&hellip;]<\/p>\n","protected":false},"author":1,"featured_media":1798,"comment_status":"open","ping_status":"open","sticky":false,"template":"","format":"standard","meta":{"footnotes":""},"categories":[424,186],"tags":[],"class_list":["post-1797","post","type-post","status-publish","format-standard","has-post-thumbnail","hentry","category-curitiba","category-eventos"],"_links":{"self":[{"href":"https:\/\/diarioparanaense.com\/index.php?rest_route=\/wp\/v2\/posts\/1797","targetHints":{"allow":["GET"]}}],"collection":[{"href":"https:\/\/diarioparanaense.com\/index.php?rest_route=\/wp\/v2\/posts"}],"about":[{"href":"https:\/\/diarioparanaense.com\/index.php?rest_route=\/wp\/v2\/types\/post"}],"author":[{"embeddable":true,"href":"https:\/\/diarioparanaense.com\/index.php?rest_route=\/wp\/v2\/users\/1"}],"replies":[{"embeddable":true,"href":"https:\/\/diarioparanaense.com\/index.php?rest_route=%2Fwp%2Fv2%2Fcomments&post=1797"}],"version-history":[{"count":1,"href":"https:\/\/diarioparanaense.com\/index.php?rest_route=\/wp\/v2\/posts\/1797\/revisions"}],"predecessor-version":[{"id":1799,"href":"https:\/\/diarioparanaense.com\/index.php?rest_route=\/wp\/v2\/posts\/1797\/revisions\/1799"}],"wp:featuredmedia":[{"embeddable":true,"href":"https:\/\/diarioparanaense.com\/index.php?rest_route=\/wp\/v2\/media\/1798"}],"wp:attachment":[{"href":"https:\/\/diarioparanaense.com\/index.php?rest_route=%2Fwp%2Fv2%2Fmedia&parent=1797"}],"wp:term":[{"taxonomy":"category","embeddable":true,"href":"https:\/\/diarioparanaense.com\/index.php?rest_route=%2Fwp%2Fv2%2Fcategories&post=1797"},{"taxonomy":"post_tag","embeddable":true,"href":"https:\/\/diarioparanaense.com\/index.php?rest_route=%2Fwp%2Fv2%2Ftags&post=1797"}],"curies":[{"name":"wp","href":"https:\/\/api.w.org\/{rel}","templated":true}]}}