{"id":1794,"date":"2023-12-06T09:38:33","date_gmt":"2023-12-06T12:38:33","guid":{"rendered":"https:\/\/diarioparanaense.com\/?p=1794"},"modified":"2023-12-06T09:39:03","modified_gmt":"2023-12-06T12:39:03","slug":"grupo-minipreco-antecipa-liquidacao-de-itens-natalinos","status":"publish","type":"post","link":"https:\/\/diarioparanaense.com\/?p=1794","title":{"rendered":"Grupo MiniPre\u00e7o antecipa liquida\u00e7\u00e3o de itens natalinos"},"content":{"rendered":"\n<p class=\"has-medium-font-size\">Produtos decorativos podem ser comprados com at\u00e9 50% de desconto<\/p>\n\n\n\n<p>Faltando menos de um m\u00eas para o Natal, o Grupo MiniPre\u00e7o se antecipou e a partir desta sexta-feira, 8, d\u00e1 in\u00edcio a uma mega liquida\u00e7\u00e3o de itens de decora\u00e7\u00e3o natalina. Todos os produtos tem\u00e1ticos da multimarcas estar\u00e3o com valores promocionais e os clientes encontrar\u00e3o descontos que variam entre 30 a 50%. Neste ano, a rede de lojas antecipou o Natal e as vendas come\u00e7aram em setembro, com mais de 3 mil itens \u00e0 disposi\u00e7\u00e3o do p\u00fablico.<\/p>\n\n\n\n<p>Quem ainda n\u00e3o decorou a casa para as Festas encontrar\u00e1 diversos produtos como guirlandas, in\u00fameros enfeites, Papai Noel de diversos tamanhos e v\u00e1rias op\u00e7\u00f5es para montar uma bela mesa na Ceia. Sempre procuradas, as \u00e1rvores de Natal e as bolas decorativas estar\u00e3o com 50% de desconto e os consumidores podem contar com uma equipe de vendedores para auxiliar na montagem da \u00e1rvore, com dicas criativas de decora\u00e7\u00e3o.<\/p>\n\n\n\n<p>De acordo com Beni Gelhorn, gerente comercial do Grupo MiniPre\u00e7o, \u00e9 necess\u00e1rio se antecipar para aproveitar a liquida\u00e7\u00e3o para n\u00e3o correr o risco de ficar sem algum produto. \u201cA ideia \u00e9 que todos consigam decorar a casa de certa forma. Alguns itens j\u00e1 n\u00e3o est\u00e3o dispon\u00edveis em grande quantidade e, com os descontos, podem acabar rapidamente. O ideal \u00e9 que as pessoas venham o quanto antes para aproveitar a promo\u00e7\u00e3o e garantir a compra\u201d, afirma.<\/p>\n\n\n\n<p>Aos finais de semana ainda \u00e9 poss\u00edvel encontrar o Papai Noel nos corredores das lojas do Grupo MiniPre\u00e7o distribuindo doces para as crian\u00e7as e aproveitar para tirar fotos com o bom velhinho nos espa\u00e7os instagram\u00e1veis das unidades.<\/p>\n\n\n\n<p class=\"has-medium-font-size\">Servi\u00e7o<\/p>\n\n\n\n<p><strong>Liquida\u00e7\u00e3o de Natal Grupo MiniPre\u00e7o<br>Data<\/strong>: A partir de 8 de dezembro<br><strong>Endere\u00e7os<\/strong>:<br>Av. Comendador Franco, 7273 &#8211; Uberaba<br>Rua Albino Beatriz, 40 &#8211; Fanny<br>Rua Domingos Strapasson, 100 &#8211; Santa Felicidade<br>Rua Francisco Derosso, 3044 &#8211; Xaxim<br>Rua Carlos Klemtz, 1944 &#8211; Fazendinha<br>BR-116, 16303 &#8211; Shopping Boulevard (Xaxim)<br>R. Joaquim Palhano, 256 &#8211; Centro, Arauc\u00e1ria<br>R. Carlos Eduardo Nichele, 1724 &#8211; Pioneiros, Fazenda Rio Grande<br>Estr. Da Ribeira Br 476, 3001 &#8211; S\u00e3o Gabriel, Colombo<br>Rod. Dep. Jo\u00e3o Leopoldo Jacomel, 10776 &#8211; Pineville, Pinhais<br>R. Ver Salim Chede, 50 &#8211; Jo\u00e3o Gualberto, Paranagu\u00e1<\/p>\n\n\n\n<p>Site: <a href=\"http:\/\/www.minipre\u00e7o.com.br\">www.minipre\u00e7o.com.br<\/a><\/p>\n","protected":false},"excerpt":{"rendered":"<p>Produtos decorativos podem ser comprados com at\u00e9 50% de desconto Faltando menos de um m\u00eas para o Natal, o Grupo MiniPre\u00e7o se antecipou e a partir desta sexta-feira, 8, d\u00e1 in\u00edcio a uma mega liquida\u00e7\u00e3o de itens de decora\u00e7\u00e3o natalina. Todos os produtos tem\u00e1ticos da multimarcas estar\u00e3o com valores promocionais e os clientes encontrar\u00e3o descontos [&hellip;]<\/p>\n","protected":false},"author":1,"featured_media":1795,"comment_status":"open","ping_status":"open","sticky":false,"template":"","format":"standard","meta":{"footnotes":""},"categories":[181,324],"tags":[],"class_list":["post-1794","post","type-post","status-publish","format-standard","has-post-thumbnail","hentry","category-casa-e-decoracao","category-negocios"],"_links":{"self":[{"href":"https:\/\/diarioparanaense.com\/index.php?rest_route=\/wp\/v2\/posts\/1794","targetHints":{"allow":["GET"]}}],"collection":[{"href":"https:\/\/diarioparanaense.com\/index.php?rest_route=\/wp\/v2\/posts"}],"about":[{"href":"https:\/\/diarioparanaense.com\/index.php?rest_route=\/wp\/v2\/types\/post"}],"author":[{"embeddable":true,"href":"https:\/\/diarioparanaense.com\/index.php?rest_route=\/wp\/v2\/users\/1"}],"replies":[{"embeddable":true,"href":"https:\/\/diarioparanaense.com\/index.php?rest_route=%2Fwp%2Fv2%2Fcomments&post=1794"}],"version-history":[{"count":1,"href":"https:\/\/diarioparanaense.com\/index.php?rest_route=\/wp\/v2\/posts\/1794\/revisions"}],"predecessor-version":[{"id":1796,"href":"https:\/\/diarioparanaense.com\/index.php?rest_route=\/wp\/v2\/posts\/1794\/revisions\/1796"}],"wp:featuredmedia":[{"embeddable":true,"href":"https:\/\/diarioparanaense.com\/index.php?rest_route=\/wp\/v2\/media\/1795"}],"wp:attachment":[{"href":"https:\/\/diarioparanaense.com\/index.php?rest_route=%2Fwp%2Fv2%2Fmedia&parent=1794"}],"wp:term":[{"taxonomy":"category","embeddable":true,"href":"https:\/\/diarioparanaense.com\/index.php?rest_route=%2Fwp%2Fv2%2Fcategories&post=1794"},{"taxonomy":"post_tag","embeddable":true,"href":"https:\/\/diarioparanaense.com\/index.php?rest_route=%2Fwp%2Fv2%2Ftags&post=1794"}],"curies":[{"name":"wp","href":"https:\/\/api.w.org\/{rel}","templated":true}]}}