{"id":1781,"date":"2023-12-04T13:15:56","date_gmt":"2023-12-04T16:15:56","guid":{"rendered":"https:\/\/diarioparanaense.com\/?p=1781"},"modified":"2023-12-04T13:15:57","modified_gmt":"2023-12-04T16:15:57","slug":"filipe-toca-e-clara-valverde-se-unem-no-romantico-single-cortejo","status":"publish","type":"post","link":"https:\/\/diarioparanaense.com\/?p=1781","title":{"rendered":"Filipe Toca e Clara Valverde se unem no rom\u00e2ntico single &#8220;Cortejo&#8221;"},"content":{"rendered":"\n<p class=\"has-medium-font-size\">Filipe Toca e Clara Valverde se unem no rom\u00e2ntico single &#8220;Cortejo&#8221;<\/p>\n\n\n\n<p>Dando in\u00edcio ao m\u00eas de dezembro com o p\u00e9 direito, Filipe Toca lan\u00e7ou seu mais novo single \u201cCortejo\u201d, em parceria com Clara Valverde. A faixa calma e rom\u00e2ntica chegou nesta sexta-feira (01), em todas as plataformas digitais.<\/p>\n\n\n\n<p>Segundo Filipe, a parceria com Clara n\u00e3o \u00e9 uma novidade. Os artistas, que j\u00e1 uniram suas habilidades de composi\u00e7\u00e3o, se conheceram enquanto trabalhavam em outras produ\u00e7\u00f5es, incluindo a faixa &#8220;N\u00f3s Dois Depois&#8221;, interpretada por Juliette e Dilsinho. No entanto, \u00e9 a primeira vez que colocam suas vozes em um feat.<\/p>\n\n\n\n<p>&#8220;A Clara \u00e9 minha amiga, minha parceira. J\u00e1 est\u00e1vamos querendo h\u00e1 muito tempo fazer algo , mas nunca tinha rolado. J\u00e1 escrevemos muitas m\u00fasicas juntos, para ela gravar nos discos dela, para outros artistas gravarem, mas agora rolou de unirmos nessa m\u00fasica&#8221;, contou o artista.<\/p>\n\n\n\n<p>Com um mood bem apaixonado, os versos da can\u00e7\u00e3o s\u00e3o um convite para apreciar a beleza singular de uma figura feminina misteriosa, que traz a leveza e a beleza que se equivale ao carnaval. &#8220;Quem \u00e9 essa mulher t\u00e3o bonita? \/ Que tanto me fascina \/ Eu vi no seu olhar desejo \/ Ali no meio do cortejo \/ Caminhava t\u00e3o bonita \/ Com a alegria de um carnaval \/ Colorida que nem festival \/ Que nem as ladeiras do pel\u00f4&#8221;, cantam os artistas.<br>A sonoridade, enriquecida pela presen\u00e7a de instrumentos como percuss\u00e3o, viol\u00e3o e sanfona, \u00e9 um verdadeiro reflexo da brasilidade, que promete balan\u00e7ar os corpos e os cora\u00e7\u00f5es&nbsp;do&nbsp;Brasil.<\/p>\n","protected":false},"excerpt":{"rendered":"<p>Filipe Toca e Clara Valverde se unem no rom\u00e2ntico single &#8220;Cortejo&#8221; Dando in\u00edcio ao m\u00eas de dezembro com o p\u00e9 direito, Filipe Toca lan\u00e7ou seu mais novo single \u201cCortejo\u201d, em parceria com Clara Valverde. A faixa calma e rom\u00e2ntica chegou nesta sexta-feira (01), em todas as plataformas digitais. Segundo Filipe, a parceria com Clara n\u00e3o [&hellip;]<\/p>\n","protected":false},"author":1,"featured_media":1784,"comment_status":"open","ping_status":"open","sticky":false,"template":"","format":"standard","meta":{"footnotes":""},"categories":[27],"tags":[],"class_list":["post-1781","post","type-post","status-publish","format-standard","has-post-thumbnail","hentry","category-musica"],"_links":{"self":[{"href":"https:\/\/diarioparanaense.com\/index.php?rest_route=\/wp\/v2\/posts\/1781","targetHints":{"allow":["GET"]}}],"collection":[{"href":"https:\/\/diarioparanaense.com\/index.php?rest_route=\/wp\/v2\/posts"}],"about":[{"href":"https:\/\/diarioparanaense.com\/index.php?rest_route=\/wp\/v2\/types\/post"}],"author":[{"embeddable":true,"href":"https:\/\/diarioparanaense.com\/index.php?rest_route=\/wp\/v2\/users\/1"}],"replies":[{"embeddable":true,"href":"https:\/\/diarioparanaense.com\/index.php?rest_route=%2Fwp%2Fv2%2Fcomments&post=1781"}],"version-history":[{"count":1,"href":"https:\/\/diarioparanaense.com\/index.php?rest_route=\/wp\/v2\/posts\/1781\/revisions"}],"predecessor-version":[{"id":1785,"href":"https:\/\/diarioparanaense.com\/index.php?rest_route=\/wp\/v2\/posts\/1781\/revisions\/1785"}],"wp:featuredmedia":[{"embeddable":true,"href":"https:\/\/diarioparanaense.com\/index.php?rest_route=\/wp\/v2\/media\/1784"}],"wp:attachment":[{"href":"https:\/\/diarioparanaense.com\/index.php?rest_route=%2Fwp%2Fv2%2Fmedia&parent=1781"}],"wp:term":[{"taxonomy":"category","embeddable":true,"href":"https:\/\/diarioparanaense.com\/index.php?rest_route=%2Fwp%2Fv2%2Fcategories&post=1781"},{"taxonomy":"post_tag","embeddable":true,"href":"https:\/\/diarioparanaense.com\/index.php?rest_route=%2Fwp%2Fv2%2Ftags&post=1781"}],"curies":[{"name":"wp","href":"https:\/\/api.w.org\/{rel}","templated":true}]}}