{"id":1775,"date":"2023-11-30T17:45:10","date_gmt":"2023-11-30T20:45:10","guid":{"rendered":"https:\/\/diarioparanaense.com\/?p=1775"},"modified":"2023-11-30T17:45:11","modified_gmt":"2023-11-30T20:45:11","slug":"em-uma-pegada-retrowave-dfonnso-lanca-a-romantica-da-boca-pra-fora","status":"publish","type":"post","link":"https:\/\/diarioparanaense.com\/?p=1775","title":{"rendered":"Em uma pegada retrowave, DFONNSO lan\u00e7a a rom\u00e2ntica \u201cDa Boca pra Fora\u201d"},"content":{"rendered":"\n<p class=\"has-medium-font-size\">Em uma pegada retrowave, DFONNSO lan\u00e7a a rom\u00e2ntica \u201cDa Boca pra Fora\u201d<\/p>\n\n\n\n<p>Can\u00e7\u00e3o chega a todos aplicativos de m\u00fasica nesta sexta-feira, 28 de novembro, com clipe no Youtube<\/p>\n\n\n\n<p>Uma das grandes apostas da nova gera\u00e7\u00e3o da m\u00fasica POP, o cantor e compositor DFONNSO prepara um grande lan\u00e7amento para esta segunda-feira, 28 de novembro. Com uma pegada retrowave, inspirada nos anos 80, o cantor lan\u00e7a a rom\u00e2ntica \u201cDa Boca pra Fora\u201d em todos os aplicativos de m\u00fasica, com clipe no Youtube.<\/p>\n\n\n\n<p>Composta por Daniel Ferreira, Guga Fernandes, Lucas Vaz e Ti\u00ea Castro e produzida por Wagner Dereck, a can\u00e7\u00e3o fala de um amor que n\u00e3o \u00e9 rec\u00edproco.\u201d Um amor que vai sendo empurrado pela barriga pela parceira. A mensagem que passamos \u00e9 que tudo tem limite e que o cora\u00e7\u00e3o n\u00e3o espera pra sempre. Responsabilidade afetiva \u00e9 muito importante em qualquer tipo de relacionamento e eu j\u00e1 senti na pele isso\u201d, explica o artista.<\/p>\n\n\n\n<p>\u201c\u00c9 uma can\u00e7\u00e3o que tem a ver com a minha hist\u00f3ria, que j\u00e1 aconteceu na minha vida (de uma outra forma, mas aconteceu) ent\u00e3o existe essa identifica\u00e7\u00e3o com ela. Foi uma hist\u00f3ria real onde ambos empurravam com a barriga, mas eu s\u00f3 fui entender isso bem depois de me culpar muito, sozinho\u201d, completa.<\/p>\n\n\n\n<p>O visualizer, dirigido por Mess Santos, brinca com o jogo de sombras e luzes, em um ambiente intimista enquanto DFONNSO toca viol\u00e3o, canta e d\u00e1 vida a \u201cDa Boca pra Fora\u201d.<\/p>\n\n\n\n<p>Sobre DFONNSO<\/p>\n\n\n\n<p>Natural de Miracema, o cantor e compositor recebeu seu primeiro pr\u00eamio na m\u00fasica aos 17 anos, cantando \u201cHello\u201d, da cantora Adele na escola onde estudava. Por muito tempo, o artista levou a m\u00fasica como um hobby, cantando com os amigos e tamb\u00e9m nos bares da sua cidade natal, mas hoje faz dela sua prioridade na vida.<\/p>\n\n\n\n<p>DFONNSO j\u00e1 ultrapassa 870 mil visualiza\u00e7\u00f5es no YouTube com o single \u201cAutoescola\u201d, feat com a dupla Carol &amp; Vit\u00f3ria, que tamb\u00e9m \u00e9 a 3\u00b0 m\u00fasica mais tocada em r\u00e1dios pop do Brasil, segundo o ranking do site Crowley Charts.<\/p>\n\n\n\n<p>Ao todo, o artista possui mais de 3 milh\u00f5es de views em seu canal no YouTube, mais de 500 mil likes no TikTok e acumula sucessos com o p\u00fablico, como \u201c\u00d4 Mo\u00e7a\u201d e \u201cPerfeita\u201d, al\u00e9m do seu primeiro EP, \u201cManual\u201d que teve como lead o single \u201c\u00daltima Esperan\u00e7a\u201d, feat com DONATTO, somando mais de 100 mil plays no Spotify.<\/p>\n","protected":false},"excerpt":{"rendered":"<p>Em uma pegada retrowave, DFONNSO lan\u00e7a a rom\u00e2ntica \u201cDa Boca pra Fora\u201d Can\u00e7\u00e3o chega a todos aplicativos de m\u00fasica nesta sexta-feira, 28 de novembro, com clipe no Youtube Uma das grandes apostas da nova gera\u00e7\u00e3o da m\u00fasica POP, o cantor e compositor DFONNSO prepara um grande lan\u00e7amento para esta segunda-feira, 28 de novembro. Com uma [&hellip;]<\/p>\n","protected":false},"author":1,"featured_media":1776,"comment_status":"open","ping_status":"open","sticky":false,"template":"","format":"standard","meta":{"footnotes":""},"categories":[27],"tags":[],"class_list":["post-1775","post","type-post","status-publish","format-standard","has-post-thumbnail","hentry","category-musica"],"_links":{"self":[{"href":"https:\/\/diarioparanaense.com\/index.php?rest_route=\/wp\/v2\/posts\/1775","targetHints":{"allow":["GET"]}}],"collection":[{"href":"https:\/\/diarioparanaense.com\/index.php?rest_route=\/wp\/v2\/posts"}],"about":[{"href":"https:\/\/diarioparanaense.com\/index.php?rest_route=\/wp\/v2\/types\/post"}],"author":[{"embeddable":true,"href":"https:\/\/diarioparanaense.com\/index.php?rest_route=\/wp\/v2\/users\/1"}],"replies":[{"embeddable":true,"href":"https:\/\/diarioparanaense.com\/index.php?rest_route=%2Fwp%2Fv2%2Fcomments&post=1775"}],"version-history":[{"count":1,"href":"https:\/\/diarioparanaense.com\/index.php?rest_route=\/wp\/v2\/posts\/1775\/revisions"}],"predecessor-version":[{"id":1777,"href":"https:\/\/diarioparanaense.com\/index.php?rest_route=\/wp\/v2\/posts\/1775\/revisions\/1777"}],"wp:featuredmedia":[{"embeddable":true,"href":"https:\/\/diarioparanaense.com\/index.php?rest_route=\/wp\/v2\/media\/1776"}],"wp:attachment":[{"href":"https:\/\/diarioparanaense.com\/index.php?rest_route=%2Fwp%2Fv2%2Fmedia&parent=1775"}],"wp:term":[{"taxonomy":"category","embeddable":true,"href":"https:\/\/diarioparanaense.com\/index.php?rest_route=%2Fwp%2Fv2%2Fcategories&post=1775"},{"taxonomy":"post_tag","embeddable":true,"href":"https:\/\/diarioparanaense.com\/index.php?rest_route=%2Fwp%2Fv2%2Ftags&post=1775"}],"curies":[{"name":"wp","href":"https:\/\/api.w.org\/{rel}","templated":true}]}}