{"id":1761,"date":"2023-11-30T17:38:56","date_gmt":"2023-11-30T20:38:56","guid":{"rendered":"https:\/\/diarioparanaense.com\/?p=1761"},"modified":"2023-11-30T17:38:57","modified_gmt":"2023-11-30T20:38:57","slug":"otavio-cillo-lanca-primeiro-ep-na-sexta-feira-01-de-dezembro","status":"publish","type":"post","link":"https:\/\/diarioparanaense.com\/?p=1761","title":{"rendered":"Ot\u00e1vio Cillo lan\u00e7a primeiro EP, na sexta-feira, 01 de dezembro"},"content":{"rendered":"\n<p class=\"has-medium-font-size\">Para estrear com chave de ouro, o cantor traz tamb\u00e9m o v\u00eddeo de \u201cAmor Imposs\u00edvel\u201d no Youtube. Nas plataformas estar\u00e3o sucessos, como \u201cAmiga Linda\u201d e \u201cEnt\u00e3o Foge\u201d<\/p>\n\n\n\n<p>O promissor cantor Ot\u00e1vio Cillo apresenta nas plataformas digitais, na sexta-feira, 01, a primeira parte de seu EP, gravado, ao vivo, em Alphaville\/SP. A obra, intitulada \u201cOt\u00e1vio Cillo Ao Vivo\u201d, chega em \u00e1udio para todos ouvirem no seu player de prefer\u00eancia.<\/p>\n\n\n\n<p>O EP1 traz como faixa foco a in\u00e9dita \u201cAmor Imposs\u00edvel\u201d, composi\u00e7\u00e3o autoral, que vem acompanhado do v\u00eddeo oficial, no YouTube. O lan\u00e7amento tamb\u00e9m conta com outra in\u00e9dita, \u201cAltas Beb\u00ea\u201d (Diego de Souza\/ Tiago Marcelo\/ Kel Bertin\/ L\u00e9o Souzza), al\u00e9m dos pot-pourri de regrava\u00e7\u00f5es de sucesso: \u201cDuas Vezes Voc\u00ea\/ Liguei Pra Dizer Que Te Amo\u201d (Cesar Agusto\/ Cezar Franco &#8211; Aladim\/ JA Longo\/ Mont&#8217;alve), \u201cEnt\u00e3o Foge\/ Arrasta\u201d (Gabriel Junior\/ Douglas &#8211; Raynner Sousa\/ Gusttavo Lima), \u201cSonhos Perdidos\/Tr\u00e2nsito Parado\u201d (Elias Muniz\/ Bruno &#8211; Luiz Claudio\/ Giuliano) e \u201cAmiga Linda\/ Casa Mobiliada\u201d (Euler Coelho\/ Debora Xavier\/ Fred Liel &#8211; Diego de Souza\/ Tiago Marcelo\/ Diego Kraemer\/ Juliano Freitas). Os demais videoclipes ser\u00e3o disponibilizados nas pr\u00f3ximas semanas.<\/p>\n\n\n\n<p>\u201cA grava\u00e7\u00e3o deste meu primeiro trabalho foi a realiza\u00e7\u00e3o de um sonho, que s\u00f3 foi poss\u00edvel gra\u00e7as a confian\u00e7a e o apoio de todos que estavam por l\u00e1. Esse dia vai ficar para sempre marcado no meu cora\u00e7\u00e3o. Al\u00e9m disso, tive a honra de dividir o palco com grandes profissionais da \u00e1rea. A mesma energia que estava na grava\u00e7\u00e3o, quero que o p\u00fablico sinta ouvindo as m\u00fasicas\u201d, destacou Ot\u00e1vio Cillo.<\/p>\n\n\n\n<p>\u201cOt\u00e1vio Cillo Ao Vivo\u201d foi gravado na Villa BBM, em Alphaville, na cidade de Santana de Parna\u00edba (SP), com produ\u00e7\u00e3o de Diego de Souza e dire\u00e7\u00e3o de v\u00eddeo de Will Santos. Al\u00e9m deste EP, o projeto ainda contar\u00e1 com outras duas partes, que ser\u00e3o lan\u00e7adas nos pr\u00f3ximos meses e trazem regrava\u00e7\u00f5es de sucessos nas vozes de Jorge &amp; Mateus, Michel Tel\u00f3, Maiara &amp; Maraisa&nbsp;e&nbsp;outros.<\/p>\n","protected":false},"excerpt":{"rendered":"<p>Para estrear com chave de ouro, o cantor traz tamb\u00e9m o v\u00eddeo de \u201cAmor Imposs\u00edvel\u201d no Youtube. Nas plataformas estar\u00e3o sucessos, como \u201cAmiga Linda\u201d e \u201cEnt\u00e3o Foge\u201d O promissor cantor Ot\u00e1vio Cillo apresenta nas plataformas digitais, na sexta-feira, 01, a primeira parte de seu EP, gravado, ao vivo, em Alphaville\/SP. A obra, intitulada \u201cOt\u00e1vio Cillo [&hellip;]<\/p>\n","protected":false},"author":1,"featured_media":1763,"comment_status":"open","ping_status":"open","sticky":false,"template":"","format":"standard","meta":{"footnotes":""},"categories":[27],"tags":[],"class_list":["post-1761","post","type-post","status-publish","format-standard","has-post-thumbnail","hentry","category-musica"],"_links":{"self":[{"href":"https:\/\/diarioparanaense.com\/index.php?rest_route=\/wp\/v2\/posts\/1761","targetHints":{"allow":["GET"]}}],"collection":[{"href":"https:\/\/diarioparanaense.com\/index.php?rest_route=\/wp\/v2\/posts"}],"about":[{"href":"https:\/\/diarioparanaense.com\/index.php?rest_route=\/wp\/v2\/types\/post"}],"author":[{"embeddable":true,"href":"https:\/\/diarioparanaense.com\/index.php?rest_route=\/wp\/v2\/users\/1"}],"replies":[{"embeddable":true,"href":"https:\/\/diarioparanaense.com\/index.php?rest_route=%2Fwp%2Fv2%2Fcomments&post=1761"}],"version-history":[{"count":1,"href":"https:\/\/diarioparanaense.com\/index.php?rest_route=\/wp\/v2\/posts\/1761\/revisions"}],"predecessor-version":[{"id":1764,"href":"https:\/\/diarioparanaense.com\/index.php?rest_route=\/wp\/v2\/posts\/1761\/revisions\/1764"}],"wp:featuredmedia":[{"embeddable":true,"href":"https:\/\/diarioparanaense.com\/index.php?rest_route=\/wp\/v2\/media\/1763"}],"wp:attachment":[{"href":"https:\/\/diarioparanaense.com\/index.php?rest_route=%2Fwp%2Fv2%2Fmedia&parent=1761"}],"wp:term":[{"taxonomy":"category","embeddable":true,"href":"https:\/\/diarioparanaense.com\/index.php?rest_route=%2Fwp%2Fv2%2Fcategories&post=1761"},{"taxonomy":"post_tag","embeddable":true,"href":"https:\/\/diarioparanaense.com\/index.php?rest_route=%2Fwp%2Fv2%2Ftags&post=1761"}],"curies":[{"name":"wp","href":"https:\/\/api.w.org\/{rel}","templated":true}]}}