{"id":1759,"date":"2023-11-30T17:40:50","date_gmt":"2023-11-30T20:40:50","guid":{"rendered":"https:\/\/diarioparanaense.com\/?p=1759"},"modified":"2023-11-30T17:40:51","modified_gmt":"2023-11-30T20:40:51","slug":"nina-camillo-lanca-o-seu-primeiro-single-flor-da-pele","status":"publish","type":"post","link":"https:\/\/diarioparanaense.com\/?p=1759","title":{"rendered":"Nina Camillo Lan\u00e7a o Seu Primeiro Single: &#8220;Flor da Pele&#8221;"},"content":{"rendered":"\n<p class=\"has-medium-font-size\">Cantora \u00e9 uma nova voz no cen\u00e1rio musical brasileiro<\/p>\n\n\n\n<p>Marina Puccini de Camillo, conhecida no mundo art\u00edstico como Nina Camillo, anuncia hoje &#8211; 30 de novembro &#8211; com entusiasmo, o lan\u00e7amento de seu novo trabalho musical &#8220;Flor da Pele&#8221;. Aos 22 anos, esta talentosa artista sul-mato-grossense traz um sopro de novidade ao cen\u00e1rio musical brasileiro, combinando sua paix\u00e3o pela m\u00fasica com influ\u00eancias ecl\u00e9ticas que v\u00e3o do pop ao neo soul e jazz.<\/p>\n\n\n\n<p>&#8220;Flor da Pele&#8221;, a mais recente obra de Nina, \u00e9 uma fus\u00e3o harmoniosa de pop brasileiro com nuances de jazz moderno, criando uma tape\u00e7aria sonora que transcende gera\u00e7\u00f5es e g\u00eaneros musicais. A can\u00e7\u00e3o reflete as experi\u00eancias e emo\u00e7\u00f5es de Nina no in\u00edcio da vida adulta, sendo uma verdadeira express\u00e3o de sua arte e personalidade.<\/p>\n\n\n\n<p>O single se destaca pela sua instrumenta\u00e7\u00e3o inovadora e rica em elementos org\u00e2nicos. Com autoria de Nina Camillo e produ\u00e7\u00e3o de Nina Camillo e Tiago Fr\u00fagoli, a grava\u00e7\u00e3o e mixagem ocorreram sob o competente comando de Frederico Pacheco no O&amp;O. A masteriza\u00e7\u00e3o ficou a cargo de Maur\u00edcio Gargel, garantindo a qualidade sonora da obra.<\/p>\n\n\n\n<p>Juntamente com o single, a artista lan\u00e7a hoje \u00e0s 12h o clipe de Flor da Pele, dirigido por Pedro Maciel (Bala Desejo, C\u00e9u, Gabriel Gonti e mais). Sobre o v\u00eddeo, Nina diz:<\/p>\n\n\n\n<p>\u201cTinha essa ideia de passar uma energia urbana samambaia-piso-de-taco, e a\u00ed gravamos o clipe no Andar 43 no centro de S\u00e3o Paulo junto com o ator H\u00e9lio Toste. Um ambiente que eu nem sabia que existia, mas era exatamente o que eu estava procurando (s\u00f3 faltou ser no Copan).\u201d<\/p>\n\n\n\n<p>No que diz respeito aos m\u00fasicos que contribu\u00edram para essa obra singular, Serginho Machado, renomado pelo seu trabalho com Ana Frango El\u00e9trico, emprestou sua habilidade na bateria, incorporando uma fus\u00e3o de batidas house e afrobeat, que adicionaram uma camada vibrante \u00e0 faixa. O piano el\u00e9trico foi magistralmente interpretado por Tiago Fr\u00fagoli, enquanto Noa Stroeter, integrante do trio Caixa Cubo acrescentou linhas de baixo ac\u00fastico, conferindo profundidade \u00e0 composi\u00e7\u00e3o. Sidmar Vieira, membro da Jazz Sinf\u00f4nica, contribuiu de forma sublime com um arranjo de trompete que evoca a cl\u00e1ssica sonoridade de &#8220;Bananeira&#8221;, de Jo\u00e3o Donato, enriquecendo ainda&nbsp;mais&nbsp;a&nbsp;faixa.<\/p>\n","protected":false},"excerpt":{"rendered":"<p>Cantora \u00e9 uma nova voz no cen\u00e1rio musical brasileiro Marina Puccini de Camillo, conhecida no mundo art\u00edstico como Nina Camillo, anuncia hoje &#8211; 30 de novembro &#8211; com entusiasmo, o lan\u00e7amento de seu novo trabalho musical &#8220;Flor da Pele&#8221;. Aos 22 anos, esta talentosa artista sul-mato-grossense traz um sopro de novidade ao cen\u00e1rio musical brasileiro, [&hellip;]<\/p>\n","protected":false},"author":1,"featured_media":1767,"comment_status":"open","ping_status":"open","sticky":false,"template":"","format":"standard","meta":{"footnotes":""},"categories":[27],"tags":[],"class_list":["post-1759","post","type-post","status-publish","format-standard","has-post-thumbnail","hentry","category-musica"],"_links":{"self":[{"href":"https:\/\/diarioparanaense.com\/index.php?rest_route=\/wp\/v2\/posts\/1759","targetHints":{"allow":["GET"]}}],"collection":[{"href":"https:\/\/diarioparanaense.com\/index.php?rest_route=\/wp\/v2\/posts"}],"about":[{"href":"https:\/\/diarioparanaense.com\/index.php?rest_route=\/wp\/v2\/types\/post"}],"author":[{"embeddable":true,"href":"https:\/\/diarioparanaense.com\/index.php?rest_route=\/wp\/v2\/users\/1"}],"replies":[{"embeddable":true,"href":"https:\/\/diarioparanaense.com\/index.php?rest_route=%2Fwp%2Fv2%2Fcomments&post=1759"}],"version-history":[{"count":1,"href":"https:\/\/diarioparanaense.com\/index.php?rest_route=\/wp\/v2\/posts\/1759\/revisions"}],"predecessor-version":[{"id":1768,"href":"https:\/\/diarioparanaense.com\/index.php?rest_route=\/wp\/v2\/posts\/1759\/revisions\/1768"}],"wp:featuredmedia":[{"embeddable":true,"href":"https:\/\/diarioparanaense.com\/index.php?rest_route=\/wp\/v2\/media\/1767"}],"wp:attachment":[{"href":"https:\/\/diarioparanaense.com\/index.php?rest_route=%2Fwp%2Fv2%2Fmedia&parent=1759"}],"wp:term":[{"taxonomy":"category","embeddable":true,"href":"https:\/\/diarioparanaense.com\/index.php?rest_route=%2Fwp%2Fv2%2Fcategories&post=1759"},{"taxonomy":"post_tag","embeddable":true,"href":"https:\/\/diarioparanaense.com\/index.php?rest_route=%2Fwp%2Fv2%2Ftags&post=1759"}],"curies":[{"name":"wp","href":"https:\/\/api.w.org\/{rel}","templated":true}]}}