{"id":1758,"date":"2023-11-30T17:42:07","date_gmt":"2023-11-30T20:42:07","guid":{"rendered":"https:\/\/diarioparanaense.com\/?p=1758"},"modified":"2023-11-30T17:42:07","modified_gmt":"2023-11-30T20:42:07","slug":"vinny-comemora-25-anos-de-hit-com-nova-versao-de-heloisa-mexe-a-cadeira","status":"publish","type":"post","link":"https:\/\/diarioparanaense.com\/?p=1758","title":{"rendered":"Vinny comemora 25 anos de hit com nova vers\u00e3o de &#8220;Helo\u00edsa, Mexe a Cadeira&#8221;"},"content":{"rendered":"\n<p class=\"has-medium-font-size\">Faixa crava a parceria do cantor com a gravadora XpandMusic e antecede o novo \u00e1lbum do artista.<\/p>\n\n\n\n<p>Dono de alguns dos refr\u00f5es mais cantados na m\u00fasica brasileira, Vinny quer fazer o p\u00fablico &#8220;mexer a cadeira&#8221; relembrando um dos maiores sucessos de sua carreira. Para isso, o artista lan\u00e7a em 1\u00ba de dezembro, em parceria com a XpandMusic, uma vers\u00e3o in\u00e9dita da ic\u00f4nica m\u00fasica &#8220;Helo\u00edsa Mexe a Cadeira&#8221;, can\u00e7\u00e3o que fez parte da trilha sonora de muitas vidas no final dos anos 90 e continua sendo um cl\u00e1ssico do repert\u00f3rio de cantor.<\/p>\n\n\n\n<p>Estreando a parceria com a gravadora independente fundada por Daniel Figueiredo, o lan\u00e7amento chega em comemora\u00e7\u00e3o de 25 anos do lan\u00e7amento original. Com isso, a nova vers\u00e3o promete trazer um frescor contempor\u00e2neo a essa faixa t\u00e3o conhecida, al\u00e9m de ativar a sensa\u00e7\u00e3o de nostalgia.<\/p>\n\n\n\n<p>&#8220;Est\u00e1 sendo uma del\u00edcia fazer esse projeto. &#8216;Helo\u00edsa, Mexe a Cadeira&#8217; foi a faixa que mudou a minha vida e agora, 25 anos depois, nada melhor que homenagear essa hist\u00f3ria com uma vers\u00e3o in\u00e9dita dessa faixa&#8221;, explica Vinny.<\/p>\n\n\n\n<p>Para o fundador da XpandMusic, a alian\u00e7a do projeto junto \u00e0 gravadora \u00e9 uma grande honra. &#8220;Estamos muito felizes e honrados em promover essa nova fase da carreira do Vinny que \u00e9 um artista de m\u00faltiplos e incr\u00edveis talentos&#8221;, comenta Daniel Figueiredo.<\/p>\n\n\n\n<p>O lan\u00e7amento do hit \u00e9 apenas o primeiro projeto que marca a uni\u00e3o entre Vinny e a XpandMusic. Assim, os f\u00e3s podem esperar reencontrar m\u00fasicas ic\u00f4nicas da carreira de Vinny, todas elas repaginadas para uma nova era, mantendo a ess\u00eancia que as tornou t\u00e3o populares.<\/p>\n\n\n\n<p class=\"has-medium-font-size\">Sobre Vinny<\/p>\n\n\n\n<p>Nascido em Leme, interior de S\u00e3o Paulo, Vin\u00edcius Bonotto Conrado, mais conhecido como Vinny, \u00e9 cantor, compositor e multiinstrumentista. Sucesso na m\u00fasica com diversos hits, dentre eles a can\u00e7\u00e3o global &#8220;Helo\u00edsa, Mexe a Cadeira&#8221;, o artista conta com mais de 30 anos de carreira.<\/p>\n\n\n\n<p>Sua introdu\u00e7\u00e3o \u00e0 m\u00fasica come\u00e7ou em 1992, quando foi vocalista da banda de rock Hay Kay. No mesmo ano, o grupo lan\u00e7ou seu primeiro \u00e1lbum de est\u00fadio pela gravadora BMG\/Ariola. Com o sucesso, a banda teve duas m\u00fasicas em trilhas sonoras da TV Globo, sendo elas &#8220;Segredo&#8221;, na novela Vamp e &#8220;Teu Olhar&#8221; em Corpo e Alma.<\/p>\n\n\n\n<p>Em 1995, Vinny assinou sua carreira solo com a Indie Records, onde lan\u00e7ou seu primeiro \u00e1lbum, mas foi em 1997, com o sucesso &#8220;Helo\u00edsa, Mexe a Cadeira&#8221;, que o cantor ficou nacionalmente conhecido.<\/p>\n\n\n\n<p>Figurinha marcada nos principais programas de TV, Vinny encabe\u00e7ou outros sucessos como &#8220;Shake Boom&#8221;, do \u00e1lbum &#8220;Na Gandaia&#8221;, o segundo de sua carreira solo.<\/p>\n\n\n\n<p>Ap\u00f3s um tempo fora dos holofotes, onde se dedicou \u00e0 fam\u00edlia e outros projetos pessoais e profissionais fora da m\u00fasica, Vinny retomou a carreira art\u00edstica em 2008, com o lan\u00e7amento do \u00e1lbum &#8220;Vinny &#8211; Ac\u00fastico Circular&#8221;.<\/p>\n\n\n\n<p>No ano seguinte, o cantor apresentou um \u00e1lbum de m\u00fasica eletr\u00f4nica intitulado &#8220;Cl\u00e1ssicos na Pista&#8221;, que contava com releituras de can\u00e7\u00f5es cl\u00e1ssicas do Rock Brasileiro.<\/p>\n\n\n\n<p>Em meio \u00e0 retomada musical, em 2012, Vinny lan\u00e7ou a pr\u00f3pria gravadora, a Vinny Planet, e concluiu sua gradua\u00e7\u00e3o em Filosofia, sendo aprovado posteriormente para o Mestrado em Ci\u00eancias Sociais em uma universidade da Argentina.<\/p>\n\n\n\n<p>Com trabalhos ainda como ator, Vinny participou de um epis\u00f3dio do sucesso &#8220;Porta dos Fundos&#8221; em 2013 e em 2017 estreou o programa &#8220;Est\u00fadio Cabe\u00e7a&#8221; no canal Music Box Brazil. Na atra\u00e7\u00e3o, o artista conversava com cantores e artistas sobre diversos&nbsp;assuntos.<\/p>\n","protected":false},"excerpt":{"rendered":"<p>Faixa crava a parceria do cantor com a gravadora XpandMusic e antecede o novo \u00e1lbum do artista. Dono de alguns dos refr\u00f5es mais cantados na m\u00fasica brasileira, Vinny quer fazer o p\u00fablico &#8220;mexer a cadeira&#8221; relembrando um dos maiores sucessos de sua carreira. Para isso, o artista lan\u00e7a em 1\u00ba de dezembro, em parceria com [&hellip;]<\/p>\n","protected":false},"author":1,"featured_media":1769,"comment_status":"open","ping_status":"open","sticky":false,"template":"","format":"standard","meta":{"footnotes":""},"categories":[1],"tags":[],"class_list":["post-1758","post","type-post","status-publish","format-standard","has-post-thumbnail","hentry","category-sem-categoria"],"_links":{"self":[{"href":"https:\/\/diarioparanaense.com\/index.php?rest_route=\/wp\/v2\/posts\/1758","targetHints":{"allow":["GET"]}}],"collection":[{"href":"https:\/\/diarioparanaense.com\/index.php?rest_route=\/wp\/v2\/posts"}],"about":[{"href":"https:\/\/diarioparanaense.com\/index.php?rest_route=\/wp\/v2\/types\/post"}],"author":[{"embeddable":true,"href":"https:\/\/diarioparanaense.com\/index.php?rest_route=\/wp\/v2\/users\/1"}],"replies":[{"embeddable":true,"href":"https:\/\/diarioparanaense.com\/index.php?rest_route=%2Fwp%2Fv2%2Fcomments&post=1758"}],"version-history":[{"count":1,"href":"https:\/\/diarioparanaense.com\/index.php?rest_route=\/wp\/v2\/posts\/1758\/revisions"}],"predecessor-version":[{"id":1770,"href":"https:\/\/diarioparanaense.com\/index.php?rest_route=\/wp\/v2\/posts\/1758\/revisions\/1770"}],"wp:featuredmedia":[{"embeddable":true,"href":"https:\/\/diarioparanaense.com\/index.php?rest_route=\/wp\/v2\/media\/1769"}],"wp:attachment":[{"href":"https:\/\/diarioparanaense.com\/index.php?rest_route=%2Fwp%2Fv2%2Fmedia&parent=1758"}],"wp:term":[{"taxonomy":"category","embeddable":true,"href":"https:\/\/diarioparanaense.com\/index.php?rest_route=%2Fwp%2Fv2%2Fcategories&post=1758"},{"taxonomy":"post_tag","embeddable":true,"href":"https:\/\/diarioparanaense.com\/index.php?rest_route=%2Fwp%2Fv2%2Ftags&post=1758"}],"curies":[{"name":"wp","href":"https:\/\/api.w.org\/{rel}","templated":true}]}}