{"id":1750,"date":"2023-11-30T14:53:25","date_gmt":"2023-11-30T17:53:25","guid":{"rendered":"https:\/\/diarioparanaense.com\/?p=1750"},"modified":"2023-11-30T14:53:25","modified_gmt":"2023-11-30T17:53:25","slug":"escola-atuacao-reune-estudantes-para-cha-literario","status":"publish","type":"post","link":"https:\/\/diarioparanaense.com\/?p=1750","title":{"rendered":"Escola Atua\u00e7\u00e3o re\u00fane estudantes para ch\u00e1 liter\u00e1rio"},"content":{"rendered":"\n<blockquote class=\"wp-block-quote is-layout-flow wp-block-quote-is-layout-flow\">\n<p>As crian\u00e7as far\u00e3o contato com o universo da literatura em evento que marca o encerramento do ano letivo<\/p>\n<\/blockquote>\n\n\n\n<p>Em celebra\u00e7\u00e3o ao final do ano letivo, a Escola Atua\u00e7\u00e3o far\u00e1 um ch\u00e1 liter\u00e1rio na biblioteca da institui\u00e7\u00e3o com os estudantes e professores. A a\u00e7\u00e3o acontece ao longo dessa semana e tem como foco compartilhar hist\u00f3rias do universo da literatura cl\u00e1ssica e ficcional.<\/p>\n\n\n\n<p>Os estudantes ir\u00e3o montar uma tenda na biblioteca, saborear diversos ch\u00e1s, enquanto criam uma roda de conversa para falar sobre como foi o processo de leitura durante o ano. \u201cEsse projeto tem como principal objetivo proporcionar aos estudantes um momento que favore\u00e7a o contato com obras liter\u00e1rias, a fim de despertar o interesse e a curiosidade pela escrita\u201d, conta a diretora e pedagoga Esther Cristina&nbsp;Pereira.<\/p>\n","protected":false},"excerpt":{"rendered":"<p>As crian\u00e7as far\u00e3o contato com o universo da literatura em evento que marca o encerramento do ano letivo Em celebra\u00e7\u00e3o ao final do ano letivo, a Escola Atua\u00e7\u00e3o far\u00e1 um ch\u00e1 liter\u00e1rio na biblioteca da institui\u00e7\u00e3o com os estudantes e professores. A a\u00e7\u00e3o acontece ao longo dessa semana e tem como foco compartilhar hist\u00f3rias do [&hellip;]<\/p>\n","protected":false},"author":1,"featured_media":1751,"comment_status":"open","ping_status":"open","sticky":false,"template":"","format":"standard","meta":{"footnotes":""},"categories":[148],"tags":[],"class_list":["post-1750","post","type-post","status-publish","format-standard","has-post-thumbnail","hentry","category-educacao"],"_links":{"self":[{"href":"https:\/\/diarioparanaense.com\/index.php?rest_route=\/wp\/v2\/posts\/1750","targetHints":{"allow":["GET"]}}],"collection":[{"href":"https:\/\/diarioparanaense.com\/index.php?rest_route=\/wp\/v2\/posts"}],"about":[{"href":"https:\/\/diarioparanaense.com\/index.php?rest_route=\/wp\/v2\/types\/post"}],"author":[{"embeddable":true,"href":"https:\/\/diarioparanaense.com\/index.php?rest_route=\/wp\/v2\/users\/1"}],"replies":[{"embeddable":true,"href":"https:\/\/diarioparanaense.com\/index.php?rest_route=%2Fwp%2Fv2%2Fcomments&post=1750"}],"version-history":[{"count":1,"href":"https:\/\/diarioparanaense.com\/index.php?rest_route=\/wp\/v2\/posts\/1750\/revisions"}],"predecessor-version":[{"id":1752,"href":"https:\/\/diarioparanaense.com\/index.php?rest_route=\/wp\/v2\/posts\/1750\/revisions\/1752"}],"wp:featuredmedia":[{"embeddable":true,"href":"https:\/\/diarioparanaense.com\/index.php?rest_route=\/wp\/v2\/media\/1751"}],"wp:attachment":[{"href":"https:\/\/diarioparanaense.com\/index.php?rest_route=%2Fwp%2Fv2%2Fmedia&parent=1750"}],"wp:term":[{"taxonomy":"category","embeddable":true,"href":"https:\/\/diarioparanaense.com\/index.php?rest_route=%2Fwp%2Fv2%2Fcategories&post=1750"},{"taxonomy":"post_tag","embeddable":true,"href":"https:\/\/diarioparanaense.com\/index.php?rest_route=%2Fwp%2Fv2%2Ftags&post=1750"}],"curies":[{"name":"wp","href":"https:\/\/api.w.org\/{rel}","templated":true}]}}