{"id":1747,"date":"2023-11-30T14:52:01","date_gmt":"2023-11-30T17:52:01","guid":{"rendered":"https:\/\/diarioparanaense.com\/?p=1747"},"modified":"2023-11-30T14:52:02","modified_gmt":"2023-11-30T17:52:02","slug":"solidariedade-marca-a-4a-corrida-e-caminhada-dos-amigos-do-hc-em-curitiba","status":"publish","type":"post","link":"https:\/\/diarioparanaense.com\/?p=1747","title":{"rendered":"Solidariedade marca a 4\u00aa Corrida e Caminhada dos Amigos do HC em Curitiba"},"content":{"rendered":"\n<blockquote class=\"wp-block-quote is-layout-flow wp-block-quote-is-layout-flow\">\n<p>Evento vem se tornando uma tradi\u00e7\u00e3o no circuito de corridas de rua da cidade e j\u00e1 est\u00e1 confirmado para 2024<\/p>\n<\/blockquote>\n\n\n\n<p>A Pra\u00e7a Afonso Botelho foi palco de um evento marcante no \u00faltimo dia 26 de novembro, com a realiza\u00e7\u00e3o da 4\u00aa Corrida e Caminhada dos Amigos do HC. O evento, que est\u00e1 se tornando uma tradi\u00e7\u00e3o no circuito de corridas de rua de Curitiba, reuniu mais de 1.300 participantes em busca de sa\u00fade, solidariedade e muita anima\u00e7\u00e3o.<\/p>\n\n\n\n<p>O sucesso do evento foi evidenciado pela participa\u00e7\u00e3o, com corredores e caminhantes de todas as idades se unindo em prol da sa\u00fade e do CEDIVIDA, Centro de Direito \u00e0 Vida da Pessoa Idosa. O superintendente dos Amigos do HC, Edelcio Jacomassi, disse que a pr\u00f3xima edi\u00e7\u00e3o j\u00e1 est\u00e1 confirmada para 2024. Ele ressaltou que a corrida est\u00e1 se consolidando como uma tradi\u00e7\u00e3o no cen\u00e1rio esportivo curitibano.<\/p>\n\n\n\n<p>&#8220;Estamos muito satisfeitos com a ades\u00e3o da comunidade e a solidariedade demonstrada por todos. A 4\u00aa Corrida e Caminhada dos Amigos do HC j\u00e1 est\u00e1 marcada no calend\u00e1rio para 2024, e \u00e9 gratificante ver como o evento est\u00e1 se tornando uma tradi\u00e7\u00e3o em Curitiba&#8221;, afirmou Jacomassi.<\/p>\n\n\n\n<p class=\"has-medium-font-size\">Atendimentos de sa\u00fade e bem-estar<\/p>\n\n\n\n<p>Os participantes tiveram a oportunidade de usufruir de uma s\u00e9rie de servi\u00e7os no Espa\u00e7o Sa\u00fade. Professores e alunos proporcionaram atendimentos diversos, com destaque para a iniciativa do curso de Odontologia da Universidade Federal do Paran\u00e1 (UFPR), que ofereceu consultas r\u00e1pidas, verificando a sa\u00fade e conscientizando sobre o c\u00e2ncer bucal.<\/p>\n\n\n\n<p>A presen\u00e7a da Uninter foi marcada pelos cursos de Fisioterapia, Nutri\u00e7\u00e3o, Gastronomia, Enfermagem e Educa\u00e7\u00e3o F\u00edsica. Ofereceram desde massagem desportiva at\u00e9 orienta\u00e7\u00f5es sobre alimenta\u00e7\u00e3o saud\u00e1vel, incluindo degusta\u00e7\u00e3o de quadradinhos cereais. O p\u00fablico tamb\u00e9m teve a oportunidade de aferir press\u00e3o arterial e participar de atividades de alongamento no palco, animando a todos.<\/p>\n\n\n\n<p class=\"has-medium-font-size\">Divers\u00e3o e Espa\u00e7o Pets<\/p>\n\n\n\n<p>O Espa\u00e7o Pet, conduzido por alunos e professores de Medicina Veterin\u00e1ria, ofereceu cuidados especiais aos animais de estima\u00e7\u00e3o dos participantes. Desde picol\u00e9s e geladinhos pet at\u00e9 orienta\u00e7\u00f5es sobre sa\u00fade animal e arrecada\u00e7\u00e3o de doa\u00e7\u00f5es de ra\u00e7\u00e3o, o espa\u00e7o se destacou pela solidariedade e aten\u00e7\u00e3o aos amigos de quatro patas.<\/p>\n\n\n\n<p class=\"has-medium-font-size\">Bem-estar mental e solidariedade global<\/p>\n\n\n\n<p>Volunt\u00e1rios do M\u00e3os Sem Fronteiras promoveram medita\u00e7\u00e3o e a t\u00e9cnica de Estimula\u00e7\u00e3o Neural, servi\u00e7os oferecidos gratuitamente na sede do CEDIVIDA. O programa tamb\u00e9m teve uma tenda informativa, proporcionando aos participantes uma oportunidade de conhecer mais sobre as atividades e oficinas realizadas.<\/p>\n\n\n\n<p>A Academia Mov Fitness contribuiu para o clima de festa, oferecendo uma empolgante aula de fitdance no palco, que contagiou a todos e colocou os participantes para dan\u00e7ar.<\/p>\n\n\n\n<p class=\"has-medium-font-size\">Apoiadores e patrocinadores<\/p>\n\n\n\n<p>A realiza\u00e7\u00e3o da corrida contou com o patroc\u00ednio de empresas comprometidas com a causa, como Condor, Uninter, Megamania, Greca Asfaltos, Unimed, La Violetera, Hygieline e Procorrer. Al\u00e9m disso, o evento teve o apoio da Ablez, Mov Fitness, R\u00e1dio T\u00e1xi Faixa Vermelha, Nutry e Prefeitura Municipal de Curitiba.<\/p>\n\n\n\n<p>Os espa\u00e7os dos patrocinadores foram pontos de destaque, com oportunidades para o p\u00fablico conhecer produtos e servi\u00e7os. A Hygieline proporcionou a experi\u00eancia de experimentar len\u00e7os umedecidos, enquanto na La Violetera, brincadeiras na roleta garantiram brindes aos participantes. Na Ablez, foram apresentados os variados servi\u00e7os, desde est\u00e9tica avan\u00e7ada at\u00e9 Pilates e nutri\u00e7\u00e3o.<\/p>\n\n\n\n<p class=\"has-medium-font-size\">Reconhecimento e premia\u00e7\u00e3o<\/p>\n\n\n\n<p>Para encerrar o dia com chave de ouro, todos os participantes foram reconhecidos com medalhas de participa\u00e7\u00e3o. Os trof\u00e9us e brindes foram destinados aos primeiros, segundos e terceiros colocados em diversas modalidades, como 10 Km feminino e masculino (geral, 60+ e PCD) e 5 Km feminino e masculino (geral, 60+ e PCD).<\/p>\n\n\n\n<p class=\"has-medium-font-size\">Confira a lista dos primeiros colocados por categoria:<\/p>\n\n\n\n<p>Corrida 10 Km<br>Feminino Geral:<br>1\u00ba Manuela Campos Machado &#8211; 00:39:08<br>2\u00ba Rosangela Vieira &#8211; 00:39:22<br>3\u00ba Daniela Luiz Simoes &#8211; 00:42:40<\/p>\n\n\n\n<p>Feminino 60+<br>1\u00ba Edna Maria Linzmeyer Robassa &#8211; 00:55:39<br>2\u00ba Maria de Lourdes Sousa Fazio &#8211; 00:57:07<br>3\u00ba Zenaida Mantovani &#8211; 00:58:04<\/p>\n\n\n\n<p>Masculino Geral:<br>1\u00ba Jonas Santana Krul &#8211; 00:35:10<br>2\u00ba Lodir Domingues Ferreira &#8211; 00:35:20<br>3\u00ba Arquimedes de Paula dos Santos &#8211; 00:37:24<\/p>\n\n\n\n<p>Masculino 60+:<br>1\u00ba Aparecido de Sousa &#8211; 00:40:25<br>2\u00ba Jefferson Adriano Torres &#8211; 00:40:33<br>3\u00ba Edson Oyola &#8211; 00:46:56<\/p>\n\n\n\n<p>Masculino PCD:<br>1\u00ba Sergio Luiz Negreiros Dias &#8211; 00:47:45<br>2\u00ba Nildo Agostinho da Silva &#8211; 00:52:11<\/p>\n\n\n\n<p>Corrida 5Km:<br>Feminino Geral:<br>1\u00ba Desiree Santos &#8211; 00:18:44<br>2\u00ba Daniele Slivinski &#8211; 00:19:32<br>3\u00ba Edna Aparecida Coelho &#8211; 00:22:39<\/p>\n\n\n\n<p>Feminino 60+:<br>1\u00ba Ursulina Silva Costa &#8211; 00:27:40<br>2\u00ba Angela Cristina Portella da Silva &#8211; 00:29:11<br>3\u00ba Sueli Bastista dos Reis &#8211; 00:30:31<\/p>\n\n\n\n<p>Feminino PCD:<br>1\u00ba Silvana Maria Rosa da Silva &#8211; 00:28:00<br>2\u00ba Loreni dos Santos &#8211; 00:33:13<br>3\u00ba Maria C\u00e9lia Teixeira de Barros &#8211; 00:35:20<\/p>\n\n\n\n<p>Masculino Geral:<br>1\u00ba Remy Neves Stephan Moro &#8211; 00:17:54<br>2\u00ba Nilson Calado de Miranda &#8211; 00:18:04<br>3\u00ba Benedito de Souza Carvalho Neto &#8211; 00:18:15<\/p>\n\n\n\n<p>Masculino 60+<br>1\u00ba Elson Juarez Robassa &#8211; 00:22:39<br>2\u00ba Lourival Silva &#8211; 00:25:41<br>3\u00ba Jose Nogueira Nascimento &#8211; 00:26:22<\/p>\n\n\n\n<p>Masculino PCD:<br>1\u00ba Rodrigo Carvalheiro Falc\u00e3o &#8211; 00:23:56<br>2\u00ba Samuel Vitorino de Oliveira&nbsp;&#8211;&nbsp;00:28:05<\/p>\n","protected":false},"excerpt":{"rendered":"<p>Evento vem se tornando uma tradi\u00e7\u00e3o no circuito de corridas de rua da cidade e j\u00e1 est\u00e1 confirmado para 2024 A Pra\u00e7a Afonso Botelho foi palco de um evento marcante no \u00faltimo dia 26 de novembro, com a realiza\u00e7\u00e3o da 4\u00aa Corrida e Caminhada dos Amigos do HC. O evento, que est\u00e1 se tornando uma [&hellip;]<\/p>\n","protected":false},"author":1,"featured_media":1748,"comment_status":"open","ping_status":"open","sticky":false,"template":"","format":"standard","meta":{"footnotes":""},"categories":[159],"tags":[],"class_list":["post-1747","post","type-post","status-publish","format-standard","has-post-thumbnail","hentry","category-esportes"],"_links":{"self":[{"href":"https:\/\/diarioparanaense.com\/index.php?rest_route=\/wp\/v2\/posts\/1747","targetHints":{"allow":["GET"]}}],"collection":[{"href":"https:\/\/diarioparanaense.com\/index.php?rest_route=\/wp\/v2\/posts"}],"about":[{"href":"https:\/\/diarioparanaense.com\/index.php?rest_route=\/wp\/v2\/types\/post"}],"author":[{"embeddable":true,"href":"https:\/\/diarioparanaense.com\/index.php?rest_route=\/wp\/v2\/users\/1"}],"replies":[{"embeddable":true,"href":"https:\/\/diarioparanaense.com\/index.php?rest_route=%2Fwp%2Fv2%2Fcomments&post=1747"}],"version-history":[{"count":1,"href":"https:\/\/diarioparanaense.com\/index.php?rest_route=\/wp\/v2\/posts\/1747\/revisions"}],"predecessor-version":[{"id":1749,"href":"https:\/\/diarioparanaense.com\/index.php?rest_route=\/wp\/v2\/posts\/1747\/revisions\/1749"}],"wp:featuredmedia":[{"embeddable":true,"href":"https:\/\/diarioparanaense.com\/index.php?rest_route=\/wp\/v2\/media\/1748"}],"wp:attachment":[{"href":"https:\/\/diarioparanaense.com\/index.php?rest_route=%2Fwp%2Fv2%2Fmedia&parent=1747"}],"wp:term":[{"taxonomy":"category","embeddable":true,"href":"https:\/\/diarioparanaense.com\/index.php?rest_route=%2Fwp%2Fv2%2Fcategories&post=1747"},{"taxonomy":"post_tag","embeddable":true,"href":"https:\/\/diarioparanaense.com\/index.php?rest_route=%2Fwp%2Fv2%2Ftags&post=1747"}],"curies":[{"name":"wp","href":"https:\/\/api.w.org\/{rel}","templated":true}]}}