{"id":1738,"date":"2023-11-30T14:49:11","date_gmt":"2023-11-30T17:49:11","guid":{"rendered":"https:\/\/diarioparanaense.com\/?p=1738"},"modified":"2023-11-30T14:49:11","modified_gmt":"2023-11-30T17:49:11","slug":"visagismo-como-identificar-as-caracteristicas-do-seu-rosto","status":"publish","type":"post","link":"https:\/\/diarioparanaense.com\/?p=1738","title":{"rendered":"Visagismo, como identificar as caracter\u00edsticas do seu rosto"},"content":{"rendered":"\n<blockquote class=\"wp-block-quote is-layout-flow wp-block-quote-is-layout-flow\">\n<p>Como as linhas naturais do rosto podem definir a forma como nos v\u00eaem<\/p>\n<\/blockquote>\n\n\n\n<p>No mundo atual a maquiagem tem uma importante fun\u00e7\u00e3o, se feita corretamente ela pode mudar totalmente a impress\u00e3o que as pessoas tem de voc\u00ea, mas para isso \u00e9 necess\u00e1rio entender que cada rosto \u00e9 diferente e necessita de t\u00e9cnicas espec\u00edficas, \u00e9 para isso que existe o visagista que identifica e real\u00e7a os tra\u00e7os \u00fanicos de cada rosto. &#8220;Conhecer os contornos, propor\u00e7\u00f5es e caracter\u00edsticas faciais n\u00e3o apenas permite criar looks deslumbrantes, mas tamb\u00e9m gera um reconhecimento \u00edntimo do pr\u00f3prio eu.&#8221; Diz a maquiadora Evelyn Viana especialista em visagismo.<\/p>\n\n\n\n<p>Os tra\u00e7os faciais trazem significados e representa\u00e7\u00f5es, por exemplo maxilar definido, sobrancelhas arqueadas e testa quadrada comunicam uma for\u00e7a ineg\u00e1vel, pois s\u00e3o tra\u00e7os considerados mais masculinos.<\/p>\n\n\n\n<p>J\u00e1 bochechas espessas, l\u00e1bios finos, nariz com a ponta ca\u00edda e olhos profundos transmitem maturidade e sabedoria, pois s\u00e3o caracter\u00edsticas as quais vamos adquirindo com o tempo e por serem vistas em pessoas mais velhas e com mais vivencia d\u00e3o essa sensa\u00e7\u00e3o de conhecimento e viv\u00eancia.<\/p>\n\n\n\n<p>Por outro lado, os l\u00e1bios volumosos e olhos amendoados refletem uma jovialidade contagiante, enquanto um nariz pequeno, juntamente com olhos redondos, trazem \u00e0 tona tra\u00e7os infantis, evocando uma aura de inoc\u00eancia e do\u00e7ura.<\/p>\n\n\n\n<p>A verdadeira magia do visagismo reside na habilidade de compreender como esses tra\u00e7os de relacionam com a personalidade do cliente, suas vestimentas e principalmente o objetivo daquela maquiagem. \u00c9 a arte de real\u00e7ar, suavizar ou enfatizar, destacando o que \u00e9 \u00fanico em cada indiv\u00edduo.<\/p>\n\n\n\n<p>E a\u00ed, quais s\u00e3o os seus tra\u00e7os?<\/p>\n\n\n\n<p><strong>Servi\u00e7o: Evelyn Viana<\/strong><\/p>\n\n\n\n<p>Maquiadora especialista em Visagismo<\/p>\n\n\n\n<p>@evyvianabeauty<\/p>\n\n\n\n<p>41 9.9244-0612<\/p>\n\n\n\n<p>Marechal Rondon 90, sala 5, Cap\u00e3o Raso,&nbsp;Curitiba\/PR.<\/p>\n","protected":false},"excerpt":{"rendered":"<p>Como as linhas naturais do rosto podem definir a forma como nos v\u00eaem No mundo atual a maquiagem tem uma importante fun\u00e7\u00e3o, se feita corretamente ela pode mudar totalmente a impress\u00e3o que as pessoas tem de voc\u00ea, mas para isso \u00e9 necess\u00e1rio entender que cada rosto \u00e9 diferente e necessita de t\u00e9cnicas espec\u00edficas, \u00e9 para [&hellip;]<\/p>\n","protected":false},"author":1,"featured_media":1745,"comment_status":"open","ping_status":"open","sticky":false,"template":"","format":"standard","meta":{"footnotes":""},"categories":[29],"tags":[],"class_list":["post-1738","post","type-post","status-publish","format-standard","has-post-thumbnail","hentry","category-artigos"],"_links":{"self":[{"href":"https:\/\/diarioparanaense.com\/index.php?rest_route=\/wp\/v2\/posts\/1738","targetHints":{"allow":["GET"]}}],"collection":[{"href":"https:\/\/diarioparanaense.com\/index.php?rest_route=\/wp\/v2\/posts"}],"about":[{"href":"https:\/\/diarioparanaense.com\/index.php?rest_route=\/wp\/v2\/types\/post"}],"author":[{"embeddable":true,"href":"https:\/\/diarioparanaense.com\/index.php?rest_route=\/wp\/v2\/users\/1"}],"replies":[{"embeddable":true,"href":"https:\/\/diarioparanaense.com\/index.php?rest_route=%2Fwp%2Fv2%2Fcomments&post=1738"}],"version-history":[{"count":1,"href":"https:\/\/diarioparanaense.com\/index.php?rest_route=\/wp\/v2\/posts\/1738\/revisions"}],"predecessor-version":[{"id":1746,"href":"https:\/\/diarioparanaense.com\/index.php?rest_route=\/wp\/v2\/posts\/1738\/revisions\/1746"}],"wp:featuredmedia":[{"embeddable":true,"href":"https:\/\/diarioparanaense.com\/index.php?rest_route=\/wp\/v2\/media\/1745"}],"wp:attachment":[{"href":"https:\/\/diarioparanaense.com\/index.php?rest_route=%2Fwp%2Fv2%2Fmedia&parent=1738"}],"wp:term":[{"taxonomy":"category","embeddable":true,"href":"https:\/\/diarioparanaense.com\/index.php?rest_route=%2Fwp%2Fv2%2Fcategories&post=1738"},{"taxonomy":"post_tag","embeddable":true,"href":"https:\/\/diarioparanaense.com\/index.php?rest_route=%2Fwp%2Fv2%2Ftags&post=1738"}],"curies":[{"name":"wp","href":"https:\/\/api.w.org\/{rel}","templated":true}]}}