{"id":1734,"date":"2023-11-29T14:09:27","date_gmt":"2023-11-29T17:09:27","guid":{"rendered":"https:\/\/diarioparanaense.com\/?p=1734"},"modified":"2023-11-29T14:09:28","modified_gmt":"2023-11-29T17:09:28","slug":"livro-organizado-por-andrea-pachavilma-piedade-e-cristina-gaulia-reunetextos-ineditos-de-76-autoras-brasileiras","status":"publish","type":"post","link":"https:\/\/diarioparanaense.com\/?p=1734","title":{"rendered":"Livro organizado por Andr\u00e9a Pach\u00e1,Vilma Piedade e Cristina Gaulia re\u00fanetextos in\u00e9ditos de 76 autoras brasileiras"},"content":{"rendered":"\n<blockquote class=\"wp-block-quote is-layout-flow wp-block-quote-is-layout-flow\">\n<p><strong>Livro organizado por Andr\u00e9a Pach\u00e1, Vilma Piedade e Cristina Gaulia re\u00fane textos in\u00e9ditos de 76 autoras brasileiras<\/strong><\/p>\n<\/blockquote>\n\n\n\n<p>Idealizado pela professora e escritora Vilma Piedade, <strong>N\u00d3S&#8230; Mulheres do S\u00e9culo Passado <\/strong>\u00e9 uma colet\u00e2nea de hist\u00f3rias escritas por 76 autoras de diferentes origens e trajet\u00f3rias, cores, orienta\u00e7\u00f5es sexuais, idades e profiss\u00f5es. S\u00e3o relatos individuais, fortes e ao mesmo tempo sens\u00edveis, que, em seu conjunto, comp\u00f5em um olhar feminino sobre temas t\u00e3o abrangentes e relevantes quanto atuais: amor, trabalho, f\u00e9, maternidade, envelhecimento, racismo e machismo, entre outros. O lan\u00e7amento ser\u00e1 no dia 4 de dezembro, na Livraria da Travessa do Shopping Leblon, no Rio de Janeiro.<\/p>\n\n\n\n<p>Fazem parte do livro \u2013 organizado pelas desembargadoras Cristina Gaulia e Andr\u00e9a Pach\u00e1, tamb\u00e9m escritora \u2013 a autora ind\u00edgena M\u00e1rcia Wayna Kambeba, Analys, a Nega do Acaraj\u00e9, a cantora Z\u00e9lia Duncan, a jornalista Fl\u00e1via Oliveira, M\u00e3e Nilce de Ians\u00e3, a ensaista e imortal da ABL Helo\u00edsa Teixeira (ex-Buarque de Hollanda), a advogada e ativista Comba Marques Porto e a primeira mulher a presidir o Superior Tri- bunal Militar, Maria Elizabeth Rocha (veja na p\u00e1gina seguinte a lista completa de autoras).<\/p>\n\n\n\n<p>O livro traz os mais diversos formatos: contos, cr\u00f4nicas, poesias e reflex\u00f5es, que embalam relatos surpreendentes e representativos. Da multiplicidade de conte\u00fados se sobressaem a afirma\u00e7\u00e3o da equi-<\/p>\n\n\n\n<p>dade de g\u00eanero, o rep\u00fadio \u00e0 viol\u00eancia \u00e0s mulheres e o enfrentamento diuturno ao racismo em todas as suas formas. A orelha \u00e9 assinada por Eliana Alves Cruz, ganhadora do Pr\u00eamio Jabuti 2022 na categoria Contos, e a contracapa, por Jaqueline Goes, cientista que integrou a equipe que realizou o sequenciamento gen\u00e9tico dos primeiros casos da Covid-19 na Am\u00e9rica Latina.<\/p>\n\n\n\n<p><strong>N\u00d3S&#8230; Mulheres do S\u00e9culo Passado <\/strong>\u00e9 um projeto coletivo, uma jor- nada liter\u00e1ria de m\u00faltiplas vozes femininas que moldaram gera\u00e7\u00f5es, um refor\u00e7o \u00e0 import\u00e2ncia da sabedoria acumulada no passado e dos compromissos assumidos no presente, em busca de um futuro mais justo, solid\u00e1rio, acolhedor e amoroso.<\/p>\n\n\n\n<p><strong>AS AUTORAS DO LIVRO:<\/strong><\/p>\n\n\n\n<p>Adriana Mota<\/p>\n\n\n\n<p>Adriana Ramos de Mello Aldenisia Mariano Ar\u00eaas Maciel Aline Gomes<\/p>\n\n\n\n<p>Am\u00e9lia Rocha<\/p>\n\n\n\n<p>Analys, a Nega do Acaraj\u00e9 Andr\u00e9a Pach\u00e1<\/p>\n\n\n\n<p>Angela Borges Kimbangu B\u00e1rbara Caldas<\/p>\n\n\n\n<p>Bruna Fagundes Carla Menezes<\/p>\n\n\n\n<p>Comba Marques Porto Cristiane Fernandes Cristina F\u00fcrst<\/p>\n\n\n\n<p>Cristina Gaulia<\/p>\n\n\n\n<p>Cris Vianna Amaral Deborah Prates Dida Nascimento Eliana Alves Cruz<\/p>\n\n\n\n<p>Elisabete Nascimento Elisabeth Bara\u00fana Fabiana Salles<\/p>\n\n\n\n<p>Fl\u00e1via Oliveira Gizlene Neder<\/p>\n\n\n\n<p>Helenice Rangel Gonzaga Martins Helo\u00edsa Helena<\/p>\n\n\n\n<p>Helo\u00edsa Teixeira I\u00eada Leal<\/p>\n\n\n\n<p>Ja\u00e7an\u00e3 Lima Bou\u00e7as Jaqueline Goes Jana\u00edna Cordeiro Josina Cunha<\/p>\n\n\n\n<p>Karla P. Monteiro Kelly de Almeida Silva Kelly Vieira Meira<\/p>\n\n\n\n<p>K. K. Verdade Lia Vieira<\/p>\n\n\n\n<p>Liliane Brum Ribeiro<\/p>\n\n\n\n<p>Lisa Castro Luiza Mandela L\u00fa Rufino<\/p>\n\n\n\n<p>M\u00e3e Nilce de Ians\u00e3 M\u00e1rcia Wayna Kambeba<\/p>\n\n\n\n<p>Maria Agla\u00e9 Tedesco Vilardo<\/p>\n\n\n\n<p>Maria Elizabeth Guimar\u00e3es Teixeira Rocha Maria Helena Barros de Oliveira<\/p>\n\n\n\n<p>Maria Lucia Gyr\u00e3o Nadja Piedade Nanci Rosa<\/p>\n\n\n\n<p>Nilze Benedicto Panmela Castro Rita Cortez Rita Diirr<\/p>\n\n\n\n<p>Roberta Pedrinha Rose Marques Rosangela Rainha<\/p>\n\n\n\n<p>Sandra Vieira (Sandrinha) Sara Oliveira<\/p>\n\n\n\n<p>Schuma Schumaher Silvany Eucl\u00eanio Sol de Paula<\/p>\n\n\n\n<p>Sueli Carneiro<\/p>\n\n\n\n<p>Suely Beatriz Ferreira Tatiana Batista Tatiana Brand\u00e3o<\/p>\n\n\n\n<p>Tereza Saldanha da Gama Thain\u00e1 Briggs<\/p>\n\n\n\n<p>Val\u00e9ria Fernandes Valeria Lima Val\u00e9ria Neves<\/p>\n\n\n\n<p>Vanessa Rancan Berner V\u00e2nia Rosa<\/p>\n\n\n\n<p>Ver\u00f4nica Bonfim Veronica Correa da Costa Vilma Piedade<\/p>\n\n\n\n<p>Z\u00e9lia Duncan<\/p>\n\n\n\n<h1 class=\"wp-block-heading\">LAN\u00c7AMENTO<\/h1>\n\n\n\n<p><strong>Data<\/strong>: 4 de dezembro de 2023 (segunda)<\/p>\n\n\n\n<p><strong>Hor\u00e1rio<\/strong>: A partir das 19h<\/p>\n\n\n\n<p><strong>Local<\/strong>: Livraria da Travessa do Shopping Leblon<\/p>\n\n\n\n<p><strong>Endere\u00e7o<\/strong>: Av. Afr\u00e2nio de Melo Franco 290, 2\u00ba andar<\/p>\n\n\n\n<p><strong>FICHA T\u00c9CNICA<\/strong><\/p>\n\n\n\n<p><strong>T\u00edtulo<\/strong>: N\u00d3S&#8230; Mulheres do S\u00e9culo Passado<\/p>\n\n\n\n<p><strong>Idealiza\u00e7\u00e3o<\/strong>: Vilma Piedade<\/p>\n\n\n\n<p><strong>Organiza\u00e7\u00e3o<\/strong>: Andr\u00e9a Pach\u00e1 e Cristina Gaulia<\/p>\n\n\n\n<p><strong>Editora<\/strong>: M\u00e1quina de Livros<\/p>\n\n\n\n<p><strong>Pre\u00e7o<\/strong>: R$ 65 (impresso) e R$ 48 (e-book)<\/p>\n\n\n\n<p><strong>P\u00e1ginas<\/strong>: 216<\/p>\n","protected":false},"excerpt":{"rendered":"<p>Livro organizado por Andr\u00e9a Pach\u00e1, Vilma Piedade e Cristina Gaulia re\u00fane textos in\u00e9ditos de 76 autoras brasileiras Idealizado pela professora e escritora Vilma Piedade, N\u00d3S&#8230; Mulheres do S\u00e9culo Passado \u00e9 uma colet\u00e2nea de hist\u00f3rias escritas por 76 autoras de diferentes origens e trajet\u00f3rias, cores, orienta\u00e7\u00f5es sexuais, idades e profiss\u00f5es. S\u00e3o relatos individuais, fortes e ao [&hellip;]<\/p>\n","protected":false},"author":1,"featured_media":1735,"comment_status":"open","ping_status":"open","sticky":false,"template":"","format":"standard","meta":{"footnotes":""},"categories":[142],"tags":[],"class_list":["post-1734","post","type-post","status-publish","format-standard","has-post-thumbnail","hentry","category-literatura"],"_links":{"self":[{"href":"https:\/\/diarioparanaense.com\/index.php?rest_route=\/wp\/v2\/posts\/1734","targetHints":{"allow":["GET"]}}],"collection":[{"href":"https:\/\/diarioparanaense.com\/index.php?rest_route=\/wp\/v2\/posts"}],"about":[{"href":"https:\/\/diarioparanaense.com\/index.php?rest_route=\/wp\/v2\/types\/post"}],"author":[{"embeddable":true,"href":"https:\/\/diarioparanaense.com\/index.php?rest_route=\/wp\/v2\/users\/1"}],"replies":[{"embeddable":true,"href":"https:\/\/diarioparanaense.com\/index.php?rest_route=%2Fwp%2Fv2%2Fcomments&post=1734"}],"version-history":[{"count":1,"href":"https:\/\/diarioparanaense.com\/index.php?rest_route=\/wp\/v2\/posts\/1734\/revisions"}],"predecessor-version":[{"id":1736,"href":"https:\/\/diarioparanaense.com\/index.php?rest_route=\/wp\/v2\/posts\/1734\/revisions\/1736"}],"wp:featuredmedia":[{"embeddable":true,"href":"https:\/\/diarioparanaense.com\/index.php?rest_route=\/wp\/v2\/media\/1735"}],"wp:attachment":[{"href":"https:\/\/diarioparanaense.com\/index.php?rest_route=%2Fwp%2Fv2%2Fmedia&parent=1734"}],"wp:term":[{"taxonomy":"category","embeddable":true,"href":"https:\/\/diarioparanaense.com\/index.php?rest_route=%2Fwp%2Fv2%2Fcategories&post=1734"},{"taxonomy":"post_tag","embeddable":true,"href":"https:\/\/diarioparanaense.com\/index.php?rest_route=%2Fwp%2Fv2%2Ftags&post=1734"}],"curies":[{"name":"wp","href":"https:\/\/api.w.org\/{rel}","templated":true}]}}