{"id":1724,"date":"2023-11-29T13:45:38","date_gmt":"2023-11-29T16:45:38","guid":{"rendered":"https:\/\/diarioparanaense.com\/?p=1724"},"modified":"2023-11-29T13:45:39","modified_gmt":"2023-11-29T16:45:39","slug":"novembro-azul-e-saude-masculina","status":"publish","type":"post","link":"https:\/\/diarioparanaense.com\/?p=1724","title":{"rendered":"Novembro Azul \u00e9 sa\u00fade masculina"},"content":{"rendered":"\n<blockquote class=\"wp-block-quote is-layout-flow wp-block-quote-is-layout-flow\">\n<p><\/p>\n\n\n\n<p>Conscientizar homens sobre o cuidado consigo faz parte da campanha<\/p>\n\n\n\n<p>A campanha do Novembro Azul foi institu\u00edda em 2011 pelo Instituto Lado a Lado pela Vida com o intuito de alertar sobre o diagn\u00f3stico precoce do c\u00e2ncer de pr\u00f3stata, mas n\u00e3o apenas isso, tamb\u00e9m alertar sobre os cuidados necess\u00e1rios para a sa\u00fade masculina.<\/p>\n<\/blockquote>\n\n\n\n<p>Segundo o INCA o c\u00e2ncer de pr\u00f3stata mata cerca de 15 mil homens por ano, o que representa 42 homens morrendo por dia da doen\u00e7a. Al\u00e9m das quest\u00f5es de sa\u00fade f\u00edsica h\u00e1 tamb\u00e9m a sa\u00fade emocional que deve ser olhada com cuidado, pois cerca de 10 a 17% dos homens ir\u00e3o sofrer de depress\u00e3o ao longo da vida.<\/p>\n\n\n\n<p>Muitos homens acabam por negligenciar sua sa\u00fade por vergonha, n\u00e3o realizam os exames de rotina e n\u00e3o buscam profissionais de sa\u00fade para fazer acompanhamentos adequados ap\u00f3s o passar dos anos. Lu\u00eds Damian propriet\u00e1rio da Botica Sa\u00fade Qu\u00e2ntica fala sobre o uso dos florais, \u201cPara os homens eu sempre indico que usem florais voltados ao estresse e as emo\u00e7\u00f5es, como o Neurovit, por suas m\u00faltiplas faces entre o trabalho, a fam\u00edlia e as preocupa\u00e7\u00f5es do cotidiano o estresse se acumula sorrateiramente, e com o tempo come\u00e7a a ficar dif\u00edcil manter a sa\u00fade mental e o equil\u00edbrio. Os florais aliviam essa tens\u00e3o, evitando o ac\u00famulo excessivo de emo\u00e7\u00f5es ruins, assim melhorando o bem estar geral do consumidor\u201d.<\/p>\n\n\n\n<p>Damian conta sobre sua experi\u00eancia com os florais que o fez pensar em ajudar outras pessoas \u201cEu trabalhei em frente ao computador por muitos anos o que me gerava bastante estresse, eu j\u00e1 tinha conhecimento dos florais e comecei a utiliz\u00e1-los, foi quando eu percebi que poderia transformar esse meu conhecimento em um empreendimento e ajudar outras pessoas em situa\u00e7\u00f5es parecidas\u201d.<\/p>\n\n\n\n<p>Cada um que vai at\u00e9 a Botica Sa\u00fade Qu\u00e2ntica sai com um tratamento personalizado, e em cerca de quinze dias utilizando os florais voc\u00ea consegue perceber a diferen\u00e7a em sua qualidade de vida. Cuidar de sua sa\u00fade n\u00e3o deveria ser vergonhoso para ningu\u00e9m, conseguir aproveitar com a fam\u00edlia, filhos, netos, esposas e amigos com sa\u00fade \u00e9 motivo de orgulho.<\/p>\n\n\n\n<p><strong>Servi\u00e7o<\/strong>: Botica Sa\u00fade Qu\u00e2ntica<br>Luis Damian<br>sac@boticasaudequantica.com.br<br>(41) 3016-0020<br>(41) 99940-6461<\/p>\n\n\n\n<p>Local: Rua Samuel Cesar&nbsp;881,&nbsp;Loja&nbsp;2<\/p>\n","protected":false},"excerpt":{"rendered":"<p>Conscientizar homens sobre o cuidado consigo faz parte da campanha A campanha do Novembro Azul foi institu\u00edda em 2011 pelo Instituto Lado a Lado pela Vida com o intuito de alertar sobre o diagn\u00f3stico precoce do c\u00e2ncer de pr\u00f3stata, mas n\u00e3o apenas isso, tamb\u00e9m alertar sobre os cuidados necess\u00e1rios para a sa\u00fade masculina. Segundo o [&hellip;]<\/p>\n","protected":false},"author":1,"featured_media":1727,"comment_status":"open","ping_status":"open","sticky":false,"template":"","format":"standard","meta":{"footnotes":""},"categories":[164],"tags":[],"class_list":["post-1724","post","type-post","status-publish","format-standard","has-post-thumbnail","hentry","category-saude-2"],"_links":{"self":[{"href":"https:\/\/diarioparanaense.com\/index.php?rest_route=\/wp\/v2\/posts\/1724","targetHints":{"allow":["GET"]}}],"collection":[{"href":"https:\/\/diarioparanaense.com\/index.php?rest_route=\/wp\/v2\/posts"}],"about":[{"href":"https:\/\/diarioparanaense.com\/index.php?rest_route=\/wp\/v2\/types\/post"}],"author":[{"embeddable":true,"href":"https:\/\/diarioparanaense.com\/index.php?rest_route=\/wp\/v2\/users\/1"}],"replies":[{"embeddable":true,"href":"https:\/\/diarioparanaense.com\/index.php?rest_route=%2Fwp%2Fv2%2Fcomments&post=1724"}],"version-history":[{"count":1,"href":"https:\/\/diarioparanaense.com\/index.php?rest_route=\/wp\/v2\/posts\/1724\/revisions"}],"predecessor-version":[{"id":1728,"href":"https:\/\/diarioparanaense.com\/index.php?rest_route=\/wp\/v2\/posts\/1724\/revisions\/1728"}],"wp:featuredmedia":[{"embeddable":true,"href":"https:\/\/diarioparanaense.com\/index.php?rest_route=\/wp\/v2\/media\/1727"}],"wp:attachment":[{"href":"https:\/\/diarioparanaense.com\/index.php?rest_route=%2Fwp%2Fv2%2Fmedia&parent=1724"}],"wp:term":[{"taxonomy":"category","embeddable":true,"href":"https:\/\/diarioparanaense.com\/index.php?rest_route=%2Fwp%2Fv2%2Fcategories&post=1724"},{"taxonomy":"post_tag","embeddable":true,"href":"https:\/\/diarioparanaense.com\/index.php?rest_route=%2Fwp%2Fv2%2Ftags&post=1724"}],"curies":[{"name":"wp","href":"https:\/\/api.w.org\/{rel}","templated":true}]}}