{"id":1718,"date":"2023-11-29T11:36:36","date_gmt":"2023-11-29T14:36:36","guid":{"rendered":"https:\/\/diarioparanaense.com\/?p=1718"},"modified":"2023-11-29T11:36:58","modified_gmt":"2023-11-29T14:36:58","slug":"fazenda-rio-grande-polo-em-ascensao-para-a-construcao-de-galpoes-para-locacao-na-rmc","status":"publish","type":"post","link":"https:\/\/diarioparanaense.com\/?p=1718","title":{"rendered":"Fazenda Rio Grande: p\u00f3lo em ascens\u00e3o para a constru\u00e7\u00e3o de galp\u00f5es para loca\u00e7\u00e3o na RMC"},"content":{"rendered":"\n<blockquote class=\"wp-block-quote is-layout-flow wp-block-quote-is-layout-flow\">\n<p>Terreno plano, log\u00edstica facilitada e sistema de transporte p\u00fablico \u00e1gil s\u00e3o fatores cruciais que atraem empresas para investimentos estrat\u00e9gicos na cidade<\/p>\n<\/blockquote>\n\n\n\n<p>No auge do boom imobili\u00e1rio na Regi\u00e3o Metropolitana de Curitiba, o munic\u00edpio de Fazenda Rio Grande se consolida como um ponto central em ascens\u00e3o, se destacando n\u00e3o apenas pelo crescimento cont\u00ednuo, mas tamb\u00e9m pela prefer\u00eancia das empresas na constru\u00e7\u00e3o de galp\u00f5es para loca\u00e7\u00e3o.<\/p>\n\n\n\n<p>Gast\u00e3o Gonchorovski, diretor-geral da Indespar, empresa do setor de incorpora\u00e7\u00f5es, desenvolvimento e transa\u00e7\u00f5es em neg\u00f3cios imobili\u00e1rios, ressalta: &#8220;A cidade, integrada de maneira eficiente a Curitiba, oferece terreno plano, log\u00edstica e infraestrutura, facilitando empreendimentos industriais, al\u00e9m de um sistema de transporte p\u00fablico \u00e1gil. Esses fatores tornam Fazenda Rio Grande um destino estrat\u00e9gico para a constru\u00e7\u00e3o de galp\u00f5es, impulsionando o desenvolvimento econ\u00f4mico regional, pois, h\u00e1 uma demanda forte, visto o elevado n\u00famero de empresas que chegam no munic\u00edpio&#8221;, afirma.<\/p>\n\n\n\n<p>Al\u00e9m disso, a juventude demogr\u00e1fica do munic\u00edpio, revelada pelos dados do Censo 2022, com apenas 8,6% da popula\u00e7\u00e3o composta por idosos, \u00e9 um atrativo adicional para as ind\u00fastrias. O r\u00e1pido crescimento, situando o munic\u00edpio como o segundo que mais cresceu no Brasil entre 2010 e 2022, impulsiona o setor imobili\u00e1rio, respondendo \u00e0 demanda em constante ascens\u00e3o.<\/p>\n\n\n\n<p>Segundo dados do FipeZap+, os im\u00f3veis comerciais na cidade s\u00e3o um atrativo para os investidores, pois a rentabilidade anual \u00e9 de 5,44%, superando os 4,68% registrados nos im\u00f3veis residenciais. Esse aumento \u00e9 impulsionado, em grande parte, pela alta nos pre\u00e7os de loca\u00e7\u00e3o, que atingiu o maior patamar dos \u00faltimos dez anos.<\/p>\n\n\n\n<p>O diretor-geral da Indespar lembra a colabora\u00e7\u00e3o entre os setores p\u00fablico e privado como alicerce para a expans\u00e3o de im\u00f3veis para loca\u00e7\u00e3o no Eixo-Sul de Curitiba \u201cEssa sinergia impulsiona a inova\u00e7\u00e3o, refor\u00e7ando a posi\u00e7\u00e3o de Fazenda Rio Grande como um epicentro din\u00e2mico e estrat\u00e9gico para investimentos industriais na regi\u00e3o sul de Curitiba\u201d, finaliza.<\/p>\n\n\n\n<p>Em julho de 2023 os pre\u00e7os de loca\u00e7\u00e3o de im\u00f3veis comerciais registraram um aumento de 6%, no Brasil, no acumulado dos \u00faltimos doze meses, superando a marca de 5,1% alcan\u00e7ada em julho de 2013. O pre\u00e7o m\u00e9dio do metro quadrado para aluguel desses estabelecimentos atualmente \u00e9 de R$ 41,51 na capital&nbsp;paranaense.<\/p>\n","protected":false},"excerpt":{"rendered":"<p>Terreno plano, log\u00edstica facilitada e sistema de transporte p\u00fablico \u00e1gil s\u00e3o fatores cruciais que atraem empresas para investimentos estrat\u00e9gicos na cidade No auge do boom imobili\u00e1rio na Regi\u00e3o Metropolitana de Curitiba, o munic\u00edpio de Fazenda Rio Grande se consolida como um ponto central em ascens\u00e3o, se destacando n\u00e3o apenas pelo crescimento cont\u00ednuo, mas tamb\u00e9m pela [&hellip;]<\/p>\n","protected":false},"author":1,"featured_media":1719,"comment_status":"open","ping_status":"open","sticky":false,"template":"","format":"standard","meta":{"footnotes":""},"categories":[29],"tags":[],"class_list":["post-1718","post","type-post","status-publish","format-standard","has-post-thumbnail","hentry","category-artigos"],"_links":{"self":[{"href":"https:\/\/diarioparanaense.com\/index.php?rest_route=\/wp\/v2\/posts\/1718","targetHints":{"allow":["GET"]}}],"collection":[{"href":"https:\/\/diarioparanaense.com\/index.php?rest_route=\/wp\/v2\/posts"}],"about":[{"href":"https:\/\/diarioparanaense.com\/index.php?rest_route=\/wp\/v2\/types\/post"}],"author":[{"embeddable":true,"href":"https:\/\/diarioparanaense.com\/index.php?rest_route=\/wp\/v2\/users\/1"}],"replies":[{"embeddable":true,"href":"https:\/\/diarioparanaense.com\/index.php?rest_route=%2Fwp%2Fv2%2Fcomments&post=1718"}],"version-history":[{"count":1,"href":"https:\/\/diarioparanaense.com\/index.php?rest_route=\/wp\/v2\/posts\/1718\/revisions"}],"predecessor-version":[{"id":1720,"href":"https:\/\/diarioparanaense.com\/index.php?rest_route=\/wp\/v2\/posts\/1718\/revisions\/1720"}],"wp:featuredmedia":[{"embeddable":true,"href":"https:\/\/diarioparanaense.com\/index.php?rest_route=\/wp\/v2\/media\/1719"}],"wp:attachment":[{"href":"https:\/\/diarioparanaense.com\/index.php?rest_route=%2Fwp%2Fv2%2Fmedia&parent=1718"}],"wp:term":[{"taxonomy":"category","embeddable":true,"href":"https:\/\/diarioparanaense.com\/index.php?rest_route=%2Fwp%2Fv2%2Fcategories&post=1718"},{"taxonomy":"post_tag","embeddable":true,"href":"https:\/\/diarioparanaense.com\/index.php?rest_route=%2Fwp%2Fv2%2Ftags&post=1718"}],"curies":[{"name":"wp","href":"https:\/\/api.w.org\/{rel}","templated":true}]}}