{"id":1717,"date":"2023-11-29T11:38:42","date_gmt":"2023-11-29T14:38:42","guid":{"rendered":"https:\/\/diarioparanaense.com\/?p=1717"},"modified":"2023-11-29T11:39:18","modified_gmt":"2023-11-29T14:39:18","slug":"parana-clinicas-promove-campanha-de-incentivo-ao-novembro-azul","status":"publish","type":"post","link":"https:\/\/diarioparanaense.com\/?p=1717","title":{"rendered":"Paran\u00e1 Cl\u00ednicas promove campanha de incentivo ao Novembro Azul"},"content":{"rendered":"\n<blockquote class=\"wp-block-quote is-layout-flow wp-block-quote-is-layout-flow\">\n<p><em>Ambulat\u00f3rio volante leva palestras e emite guias de exames para empresas benefici\u00e1rias<\/em><\/p>\n<\/blockquote>\n\n\n\n<p>O c\u00e2ncer de pr\u00f3stata \u00e9 o segundo tipo de c\u00e2ncer mais comum na popula\u00e7\u00e3o masculina, ficando atr\u00e1s apenas do c\u00e2ncer de pele n\u00e3o melanoma. O Novembro Azul ganha mais visibilidade a cada ano, com diversas campanhas de preven\u00e7\u00e3o. A Paran\u00e1 Cl\u00ednicas n\u00e3o poderia deixar de refor\u00e7ar a necessidade do autocuidado neste per\u00edodo, por isso, algumas a\u00e7\u00f5es de incentivo est\u00e3o acontecendo na operadora.<\/p>\n\n\n\n<p>De acordo com o Instituto Nacional do C\u00e2ncer (INCA), s\u00e3o esperados 71.730 novos casos de c\u00e2ncer de pr\u00f3stata por ano para o tri\u00eanio 2023-2025. O principal fator de risco deste c\u00e2ncer ainda est\u00e1 relacionado a idade, mas hist\u00f3rico familiar, obesidade e at\u00e9 exposi\u00e7\u00e3o a agentes qu\u00edmicos em ambiente de trabalho s\u00e3o pontos que merecem aten\u00e7\u00e3o da popula\u00e7\u00e3o masculina.<\/p>\n\n\n\n<p>No ano passado, a Paran\u00e1 Cl\u00ednicas realizou mais de 3.400 exames de PSA (Ant\u00edgeno Prost\u00e1tico Espec\u00edfico), e s\u00f3 na primeira quinzena de Novembro, foram 164 testes preventivos. Para incentivar ainda mais a realiza\u00e7\u00e3o destes exames, que podem detectar a doen\u00e7a em seus est\u00e1gios iniciais, a operadora levou seu ambulat\u00f3rio volante at\u00e9 as empresas benefici\u00e1rias com palestras sobre o assunto e emiss\u00e3o de guias. Foram emitidas mais de 40 guias durante as visitas da equipe do programa Priori.<\/p>\n\n\n\n<p>O PSA, ou Ant\u00edgeno Prost\u00e1tico Espec\u00edfico, \u00e9 uma glicoprote\u00edna produzida primariamente pelas c\u00e9lulas epiteliais da pr\u00f3stata identificada em todos os homens no sangue, em n\u00edveis baixos. \u201cPor\u00e9m, dentre as v\u00e1rias doen\u00e7as que aumentam o PSA, o c\u00e2ncer da pr\u00f3stata \u00e9 uma delas, por isso \u00e9 utilizado como um marcador deste tipo de c\u00e2ncer, aliado ao exame digital retal, que chamamos de toque prost\u00e1tico\u201d, afirma o coordenador m\u00e9dico da Paran\u00e1 Cl\u00ednicas, Dr. Eduardo Senter.<\/p>\n\n\n\n<p>Para o profissional \u00e9 necess\u00e1rio uma&nbsp; divulga\u00e7\u00e3o maior da campanha a fim de quebrar paradigmas. \u201cSabemos que os homens s\u00e3o mais resistentes \u00e0 realiza\u00e7\u00e3o de exames do que as mulheres, por isso essas campanhas de incentivo s\u00e3o t\u00e3o importantes, para que o homem entenda a import\u00e2ncia da preven\u00e7\u00e3o a esta doen\u00e7a\u201d, comenta.<\/p>\n\n\n\n<p>Durante o m\u00eas de novembro, o ambulat\u00f3rio volante passou pelas empresas Votorantim, Milli e Enerbras. \u201cRealizamos palestras com o objetivo de conscientizar sobre a import\u00e2ncia da preven\u00e7\u00e3o e incentivamos a emiss\u00e3o das guias de exame. Percebemos os homens mais interessados, mas ainda \u00e9 um longo caminho para a conscientiza\u00e7\u00e3o mais ampla\u201d, refor\u00e7a. Al\u00e9m disso, a operadora tamb\u00e9m entregou aos pacientes na batalha contra o c\u00e2ncer um porta-retratos com uma mensagem de esperan\u00e7a.<\/p>\n\n\n\n<p>A preocupa\u00e7\u00e3o com a preven\u00e7\u00e3o n\u00e3o deve ser menosprezada. Somente na \u00faltima d\u00e9cada, houve um aumento de 20% na incid\u00eancia do c\u00e2ncer de pr\u00f3stata e espera-se que, para 2030, ocorram mais de 25 milh\u00f5es de casos novos no Brasil. \u201cO \u00fanico meio de melhorar as chances de recupera\u00e7\u00e3o \u00e9 o diagn\u00f3stico precoce, por isso frisamos a necessidade do cuidado constante com a sa\u00fade e a realiza\u00e7\u00e3o dos exames periodicamente\u201d, finaliza Dr. Senter.<\/p>\n\n\n\n<p><strong><u>Sobre a Paran\u00e1 Cl\u00ednicas<\/u><\/strong><\/p>\n\n\n\n<p>Fundada em 1970, a Paran\u00e1 Cl\u00ednicas \u00e9 refer\u00eancia em planos de sa\u00fade empresariais e tamb\u00e9m atua na modalidade coletivo por ades\u00e3o. Carrega a miss\u00e3o de cuidar com excel\u00eancia de empresas e pessoas, oferecendo como diferencial os programas de sa\u00fade preventiva e promo\u00e7\u00e3o de qualidade de vida. Com uma infraestrutura moderna e planejada em uma rede interligada, a Paran\u00e1 Cl\u00ednicas conta com sete unidades pr\u00f3prias em Curitiba e Regi\u00e3o Metropolitana, chamadas de Centros Integrados de Medicina: CIM Arauc\u00e1ria; CIM CIC &#8211; 24h; CIM Fazenda Rio Grande; CIM Rio Branco do Sul; CIM S\u00e3o Jos\u00e9 dos Pinhais; CIM Unidade Infantil &#8211; 24h (ao lado do Hospital Santa Cruz) e CIM \u00c1gua Verde. Mais informa\u00e7\u00f5es em <a href=\"http:\/\/panaclinicas.com.br\">panaclinicas.com.br<\/a><\/p>\n","protected":false},"excerpt":{"rendered":"<p>Ambulat\u00f3rio volante leva palestras e emite guias de exames para empresas benefici\u00e1rias O c\u00e2ncer de pr\u00f3stata \u00e9 o segundo tipo de c\u00e2ncer mais comum na popula\u00e7\u00e3o masculina, ficando atr\u00e1s apenas do c\u00e2ncer de pele n\u00e3o melanoma. O Novembro Azul ganha mais visibilidade a cada ano, com diversas campanhas de preven\u00e7\u00e3o. A Paran\u00e1 Cl\u00ednicas n\u00e3o poderia [&hellip;]<\/p>\n","protected":false},"author":1,"featured_media":1721,"comment_status":"open","ping_status":"open","sticky":false,"template":"","format":"standard","meta":{"footnotes":""},"categories":[29],"tags":[],"class_list":["post-1717","post","type-post","status-publish","format-standard","has-post-thumbnail","hentry","category-artigos"],"_links":{"self":[{"href":"https:\/\/diarioparanaense.com\/index.php?rest_route=\/wp\/v2\/posts\/1717","targetHints":{"allow":["GET"]}}],"collection":[{"href":"https:\/\/diarioparanaense.com\/index.php?rest_route=\/wp\/v2\/posts"}],"about":[{"href":"https:\/\/diarioparanaense.com\/index.php?rest_route=\/wp\/v2\/types\/post"}],"author":[{"embeddable":true,"href":"https:\/\/diarioparanaense.com\/index.php?rest_route=\/wp\/v2\/users\/1"}],"replies":[{"embeddable":true,"href":"https:\/\/diarioparanaense.com\/index.php?rest_route=%2Fwp%2Fv2%2Fcomments&post=1717"}],"version-history":[{"count":2,"href":"https:\/\/diarioparanaense.com\/index.php?rest_route=\/wp\/v2\/posts\/1717\/revisions"}],"predecessor-version":[{"id":1723,"href":"https:\/\/diarioparanaense.com\/index.php?rest_route=\/wp\/v2\/posts\/1717\/revisions\/1723"}],"wp:featuredmedia":[{"embeddable":true,"href":"https:\/\/diarioparanaense.com\/index.php?rest_route=\/wp\/v2\/media\/1721"}],"wp:attachment":[{"href":"https:\/\/diarioparanaense.com\/index.php?rest_route=%2Fwp%2Fv2%2Fmedia&parent=1717"}],"wp:term":[{"taxonomy":"category","embeddable":true,"href":"https:\/\/diarioparanaense.com\/index.php?rest_route=%2Fwp%2Fv2%2Fcategories&post=1717"},{"taxonomy":"post_tag","embeddable":true,"href":"https:\/\/diarioparanaense.com\/index.php?rest_route=%2Fwp%2Fv2%2Ftags&post=1717"}],"curies":[{"name":"wp","href":"https:\/\/api.w.org\/{rel}","templated":true}]}}