{"id":1711,"date":"2023-11-29T11:01:24","date_gmt":"2023-11-29T14:01:24","guid":{"rendered":"https:\/\/diarioparanaense.com\/?p=1711"},"modified":"2023-11-29T11:01:24","modified_gmt":"2023-11-29T14:01:24","slug":"segundo-evento-cigano-da-escola-holos-traz-terapias-artesanato-e-solidariedade","status":"publish","type":"post","link":"https:\/\/diarioparanaense.com\/?p=1711","title":{"rendered":"Segundo Evento Cigano da Escola Holos traz terapias, artesanato e solidariedade."},"content":{"rendered":"\n<blockquote class=\"wp-block-quote is-layout-flow wp-block-quote-is-layout-flow\">\n<p>Segundo Evento Cigano da Escola Holos traz terapias, artesanato e solidariedade.<\/p>\n<\/blockquote>\n\n\n\n<p>A empres\u00e1ria da \u00e1rea hol\u00edstica, L\u00edlian Pereira, est\u00e1 organizando o segundo evento cigano, que oferecer\u00e1 uma variedade de atendimentos com os melhores profissionais de Campinas e regi\u00e3o, artesanato e experi\u00eancias para o p\u00fablico.<br>Participa\u00e7\u00e3o dos Terapeutas Formados na Escola Holos.<\/p>\n\n\n\n<p>O evento, que acontecer\u00e1 no dia 02 de dezembro (s\u00e1bado) das 11h \u00e0s 19h, contar\u00e1 com a participa\u00e7\u00e3o de terapeutas formados na Escola Holos e alguns outros profissionais que a especialista convidou para estar ali.<\/p>\n\n\n\n<p><strong>Exposi\u00e7\u00f5es de Artesanato e Grupos de Dan\u00e7a Cigana<\/strong><br>O segundo evento cigano tamb\u00e9m ter\u00e1 exposi\u00e7\u00f5es de artesanato, grupos de dan\u00e7a cigana e cantores ciganos, leitura de or\u00e1culos, diversas viv\u00eancias como Medita\u00e7\u00e3o Ativa da Kundalin\u00ed, Cristaloterapia, Dan\u00e7a sagrada alma feminina e a hist\u00f3ria dos Luves com os elementais da terra e os cristais, e at\u00e9 mesmo uma \u00e1rea gourmet. Uma fot\u00f3grafa estar\u00e1 presente para registrar todos os momentos do evento.<br>Solidariedade em Foco, a entrada ser\u00e1 gratuita, mas os visitantes ser\u00e3o convidados a fazer uma doa\u00e7\u00e3o de 1kg de alimento n\u00e3o perec\u00edvel, que ser\u00e1 destinada ao Templo Espiritualista Dr. Hans, presidido por Aristeu Barroti.<\/p>\n\n\n\n<p>O TEDH \u00e9 uma institui\u00e7\u00e3o religiosa, ecum\u00eanica, sem fins lucrativos, que tem o objetivo de levar equil\u00edbrio, harmonia e conhecimento espiritual, por meio da viv\u00eancia do amor incondicional, ensinado por Jesus Cristo.<\/p>\n\n\n\n<p><strong>L\u00edlian Pereira e sua colabora\u00e7\u00e3o com o Templo Espiritualista Dr. Hans<\/strong><br>\u201cO TEDH oferece atendimentos espirituais e assistenciais para pessoas em situa\u00e7\u00e3o de vulnerabilidade social.<\/p>\n\n\n\n<p>A organiza\u00e7\u00e3o do templo realiza a\u00e7\u00f5es como o atendimento de fam\u00edlias carentes e a distribui\u00e7\u00e3o de marmitas para pessoas em situa\u00e7\u00e3o de rua\u201d, comenta L\u00edlian.<\/p>\n\n\n\n<p><strong>Um Evento Diversificado<\/strong><br>Com uma programa\u00e7\u00e3o diversificada, que inclui desde terapias hol\u00edsticas at\u00e9 exposi\u00e7\u00f5es de artesanato, o segundo evento cigano promete ser um dia de aprendizado, divers\u00e3o e solidariedade.<br>A iniciativa da empres\u00e1ria L\u00edlian Pereira \u00e9 um exemplo de como \u00e9 poss\u00edvel unir diferentes pr\u00e1ticas e atividades em prol de um bem maior.<br>Sobre os Oraculistas.<\/p>\n\n\n\n<p>A forma\u00e7\u00e3o de oraculistas \u00e9 um processo complexo que exige dedica\u00e7\u00e3o e conhecimento profundo sobre as pr\u00e1ticas divinat\u00f3rias. Nesse sentido, \u00e9 importante ressaltar que grande parte dos oraculistas em atividade foram formados por L\u00edlian, cuja expertise e habilidade no dom\u00ednio das artes divinat\u00f3rias s\u00e3o reconhecidas por diversos profissionais do segmento.<br>Seu rigoroso m\u00e9todo de ensino e sua abordagem personalizada tem contribu\u00eddo para o desenvolvimento de in\u00fameros profissionais no ramo. A forma\u00e7\u00e3o desses oraculistas tem sido fundamental para a dissemina\u00e7\u00e3o e perpetua\u00e7\u00e3o das pr\u00e1ticas divinat\u00f3rias, garantindo assim a preserva\u00e7\u00e3o e a valoriza\u00e7\u00e3o desta importante tradi\u00e7\u00e3o milenar.<\/p>\n\n\n\n<p>O perfil do Instagram @lilianpereiraescolaholos est\u00e1 dispon\u00edvel para novas parcerias e pessoas que desejam aprender mais&nbsp;sobre&nbsp;o&nbsp;tema.<\/p>\n","protected":false},"excerpt":{"rendered":"<p>Segundo Evento Cigano da Escola Holos traz terapias, artesanato e solidariedade. A empres\u00e1ria da \u00e1rea hol\u00edstica, L\u00edlian Pereira, est\u00e1 organizando o segundo evento cigano, que oferecer\u00e1 uma variedade de atendimentos com os melhores profissionais de Campinas e regi\u00e3o, artesanato e experi\u00eancias para o p\u00fablico.Participa\u00e7\u00e3o dos Terapeutas Formados na Escola Holos. O evento, que acontecer\u00e1 no [&hellip;]<\/p>\n","protected":false},"author":1,"featured_media":1712,"comment_status":"open","ping_status":"open","sticky":false,"template":"","format":"standard","meta":{"footnotes":""},"categories":[29],"tags":[],"class_list":["post-1711","post","type-post","status-publish","format-standard","has-post-thumbnail","hentry","category-artigos"],"_links":{"self":[{"href":"https:\/\/diarioparanaense.com\/index.php?rest_route=\/wp\/v2\/posts\/1711","targetHints":{"allow":["GET"]}}],"collection":[{"href":"https:\/\/diarioparanaense.com\/index.php?rest_route=\/wp\/v2\/posts"}],"about":[{"href":"https:\/\/diarioparanaense.com\/index.php?rest_route=\/wp\/v2\/types\/post"}],"author":[{"embeddable":true,"href":"https:\/\/diarioparanaense.com\/index.php?rest_route=\/wp\/v2\/users\/1"}],"replies":[{"embeddable":true,"href":"https:\/\/diarioparanaense.com\/index.php?rest_route=%2Fwp%2Fv2%2Fcomments&post=1711"}],"version-history":[{"count":1,"href":"https:\/\/diarioparanaense.com\/index.php?rest_route=\/wp\/v2\/posts\/1711\/revisions"}],"predecessor-version":[{"id":1715,"href":"https:\/\/diarioparanaense.com\/index.php?rest_route=\/wp\/v2\/posts\/1711\/revisions\/1715"}],"wp:featuredmedia":[{"embeddable":true,"href":"https:\/\/diarioparanaense.com\/index.php?rest_route=\/wp\/v2\/media\/1712"}],"wp:attachment":[{"href":"https:\/\/diarioparanaense.com\/index.php?rest_route=%2Fwp%2Fv2%2Fmedia&parent=1711"}],"wp:term":[{"taxonomy":"category","embeddable":true,"href":"https:\/\/diarioparanaense.com\/index.php?rest_route=%2Fwp%2Fv2%2Fcategories&post=1711"},{"taxonomy":"post_tag","embeddable":true,"href":"https:\/\/diarioparanaense.com\/index.php?rest_route=%2Fwp%2Fv2%2Ftags&post=1711"}],"curies":[{"name":"wp","href":"https:\/\/api.w.org\/{rel}","templated":true}]}}