{"id":1707,"date":"2023-11-28T16:10:41","date_gmt":"2023-11-28T19:10:41","guid":{"rendered":"https:\/\/diarioparanaense.com\/?p=1707"},"modified":"2023-11-28T16:10:42","modified_gmt":"2023-11-28T19:10:42","slug":"black-week-do-grupo-apolar-oferece-imoveis-para-venda-com-ate-32-de-desconto","status":"publish","type":"post","link":"https:\/\/diarioparanaense.com\/?p=1707","title":{"rendered":"Black Week do Grupo Apolar oferece im\u00f3veis para venda com at\u00e9 32% de desconto"},"content":{"rendered":"\n<p class=\"has-medium-font-size\">De apartamentos a terrenos comerciais e residenciais, a Black Week garante oportunidades de descontos entre os dias 16 e 30 de novembro pelo site<\/p>\n\n\n\n<p>O m\u00eas de novembro costuma ser muito esperado pelos consumidores por conta dos descontos da Black Friday. Para os que est\u00e3o em busca de boas oportunidades no setor imobili\u00e1rio, o Grupo Apolar est\u00e1 com ofertas com descontos reais, de 5% a 32% no valor total. Ser\u00e3o cerca de 150 im\u00f3veis, terrenos e ch\u00e1caras dispon\u00edveis para venda entre os dias 16 e 30 de novembro.<\/p>\n\n\n\n<p>O grupo realiza o Feir\u00e3o Apolar desde 2015 e a expectativa \u00e9 de que as vendas superem em 38% as do ano passado. \u201cA a\u00e7\u00e3o \u00e9 uma forma de contribuirmos para os sonhos de muitas pessoas: conquistar a casa pr\u00f3pria ou o com\u00e9rcio pr\u00f3prio. A perspectiva para o setor imobili\u00e1rio \u00e9 de crescimento e, nesse per\u00edodo, teremos oportunidades com descontos diferenciados\u201d, ressalta o diretor da rede Apolar, Jean Michel Galiano.<\/p>\n\n\n\n<p>O Feir\u00e3o contar\u00e1 com im\u00f3veis residenciais e comerciais localizados em Curitiba e Regi\u00e3o Metropolitana, nos litorais do Paran\u00e1 e de Santa Catarina, em Ponta Grossa e em Pato Branco. As ofertas estar\u00e3o dispon\u00edveis em todas as lojas da rede e no site at\u00e9 o dia 30 de novembro.<\/p>\n\n\n\n<p>Melhores ofertas<br>Entre as diversas possibilidades de aquisi\u00e7\u00e3o de propriedades, um sobrado residencial localizado no bairro Boa Vista, de 341 m\u00b2, teve seu pre\u00e7o alterado de R$ 1.450.000 para R$ 980.000, um desconto de 32%. J\u00e1 para os interessados em adquirir um terreno em \u00e1rea residencial, em Santa Felicidade h\u00e1 uma oportunidade de R$ 3.800.000 por R$ 2.999.000, com 21% de desconto. Para os que est\u00e3o em busca de apartamentos, o im\u00f3vel de 138 m\u00b2, no bairro Santa C\u00e2ndida, est\u00e1 com desconto de 15%, de R$ 425.000&nbsp;por&nbsp;R$&nbsp;360.000.<\/p>\n","protected":false},"excerpt":{"rendered":"<p>De apartamentos a terrenos comerciais e residenciais, a Black Week garante oportunidades de descontos entre os dias 16 e 30 de novembro pelo site O m\u00eas de novembro costuma ser muito esperado pelos consumidores por conta dos descontos da Black Friday. Para os que est\u00e3o em busca de boas oportunidades no setor imobili\u00e1rio, o Grupo [&hellip;]<\/p>\n","protected":false},"author":1,"featured_media":1708,"comment_status":"open","ping_status":"open","sticky":false,"template":"","format":"standard","meta":{"footnotes":""},"categories":[324],"tags":[],"class_list":["post-1707","post","type-post","status-publish","format-standard","has-post-thumbnail","hentry","category-negocios"],"_links":{"self":[{"href":"https:\/\/diarioparanaense.com\/index.php?rest_route=\/wp\/v2\/posts\/1707","targetHints":{"allow":["GET"]}}],"collection":[{"href":"https:\/\/diarioparanaense.com\/index.php?rest_route=\/wp\/v2\/posts"}],"about":[{"href":"https:\/\/diarioparanaense.com\/index.php?rest_route=\/wp\/v2\/types\/post"}],"author":[{"embeddable":true,"href":"https:\/\/diarioparanaense.com\/index.php?rest_route=\/wp\/v2\/users\/1"}],"replies":[{"embeddable":true,"href":"https:\/\/diarioparanaense.com\/index.php?rest_route=%2Fwp%2Fv2%2Fcomments&post=1707"}],"version-history":[{"count":1,"href":"https:\/\/diarioparanaense.com\/index.php?rest_route=\/wp\/v2\/posts\/1707\/revisions"}],"predecessor-version":[{"id":1709,"href":"https:\/\/diarioparanaense.com\/index.php?rest_route=\/wp\/v2\/posts\/1707\/revisions\/1709"}],"wp:featuredmedia":[{"embeddable":true,"href":"https:\/\/diarioparanaense.com\/index.php?rest_route=\/wp\/v2\/media\/1708"}],"wp:attachment":[{"href":"https:\/\/diarioparanaense.com\/index.php?rest_route=%2Fwp%2Fv2%2Fmedia&parent=1707"}],"wp:term":[{"taxonomy":"category","embeddable":true,"href":"https:\/\/diarioparanaense.com\/index.php?rest_route=%2Fwp%2Fv2%2Fcategories&post=1707"},{"taxonomy":"post_tag","embeddable":true,"href":"https:\/\/diarioparanaense.com\/index.php?rest_route=%2Fwp%2Fv2%2Ftags&post=1707"}],"curies":[{"name":"wp","href":"https:\/\/api.w.org\/{rel}","templated":true}]}}