{"id":1697,"date":"2023-11-28T14:47:34","date_gmt":"2023-11-28T17:47:34","guid":{"rendered":"https:\/\/diarioparanaense.com\/?p=1697"},"modified":"2023-11-28T14:47:35","modified_gmt":"2023-11-28T17:47:35","slug":"rede-paranaense-inova-com-projeto-de-preservacao-ambiental-e-assistencia-social","status":"publish","type":"post","link":"https:\/\/diarioparanaense.com\/?p=1697","title":{"rendered":"Rede paranaense inova com projeto de preserva\u00e7\u00e3o ambiental e assist\u00eancia social"},"content":{"rendered":"\n<blockquote class=\"wp-block-quote is-layout-flow wp-block-quote-is-layout-flow\">\n<p>Rede paranaense inova com projeto de preserva\u00e7\u00e3o ambiental e assist\u00eancia social<\/p>\n<\/blockquote>\n\n\n\n<p><\/p>\n\n\n\n<p>Projeto inovador transforma lonas usadas em brindes personalizados, contribuindo com o meio ambiente e gerando renda para pessoas em situa\u00e7\u00e3o de vulnerabilidade<\/p>\n\n\n\n<p>Com foco em boas pr\u00e1ticas sociais e ambientais, a Nissei desenvolveu um projeto para reaproveitar res\u00edduos potencialmente poluentes da rede de farm\u00e1cias.&nbsp;O Projeto ECOA Nissei acontece em parceria com um ateli\u00ea social que faz a reutiliza\u00e7\u00e3o de materiais antigos de comunica\u00e7\u00e3o das lojas para confec\u00e7\u00e3o das pe\u00e7as. At\u00e9 o momento, cerca de 1 tonelada de material foi doada, que serviu de mat\u00e9ria-prima para a confec\u00e7\u00e3o de mais de 10,6 mil produtos. Al\u00e9m de doar os materiais, a empresa tamb\u00e9m recompra o produto final, dando vida ao conceito de economia circular.<\/p>\n\n\n\n<p>O ateli\u00ea \u00e9 formado por profissionais do projeto Supera da Unilehu&nbsp;(Universidade Livre para Efici\u00eancia Humana), que treina e oferece oportunidade de trabalho para pessoas em situa\u00e7\u00e3o de vulnerabilidade social.&nbsp;Por meio de ensino t\u00e9cnico em corte e costura, os artes\u00e3os recebem uma bolsa que t\u00eam os rendimentos aumentados \u00e0 medida que conseguem evoluir nos conhecimentos t\u00e9cnicos da profiss\u00e3o.<\/p>\n\n\n\n<p>\u201cO Projeto ECOA aborda temas extremamente relevantes para a sociedade e para a Nissei como empresa, como a sustentabilidade. Al\u00e9m de realizarmos a destina\u00e7\u00e3o correta dos materiais que produzimos para as nossas campanhas, ficamos contentes em exercer um papel social importante na transforma\u00e7\u00e3o da vida dessas pessoas, proporcionando a elas uma profiss\u00e3o, renda e seguran\u00e7a\u201d, explica o CEO da Nissei, Alexandre Maeoka.<\/p>\n\n\n<div class=\"wp-block-image\">\n<figure class=\"aligncenter size-full\"><img loading=\"lazy\" decoding=\"async\" width=\"800\" height=\"533\" src=\"https:\/\/diarioparanaense.com\/wp-content\/uploads\/2023\/11\/5646.jpg\" alt=\"\" class=\"wp-image-1699\" srcset=\"https:\/\/diarioparanaense.com\/wp-content\/uploads\/2023\/11\/5646.jpg 800w, https:\/\/diarioparanaense.com\/wp-content\/uploads\/2023\/11\/5646-300x200.jpg 300w, https:\/\/diarioparanaense.com\/wp-content\/uploads\/2023\/11\/5646-768x512.jpg 768w, https:\/\/diarioparanaense.com\/wp-content\/uploads\/2023\/11\/5646-696x464.jpg 696w, https:\/\/diarioparanaense.com\/wp-content\/uploads\/2023\/11\/5646-630x420.jpg 630w\" sizes=\"auto, (max-width: 800px) 100vw, 800px\" \/><\/figure><\/div>\n\n\n<p class=\"has-medium-font-size\">Preserva\u00e7\u00e3o Ambiental<\/p>\n\n\n\n<p>Os materiais de comunica\u00e7\u00e3o em lona que antes seriam descartados no lixo, agora s\u00e3o revertidos em diferentes produtos, como ecobags, necessaires e estojos. As lonas destinadas aos alunos da Unilehu possuem trama de poli\u00e9ster e s\u00e3o revestidas por camadas de PVC, ambos os materiais n\u00e3o s\u00e3o biodegrad\u00e1veis.<\/p>\n\n\n\n<p>O poli\u00e9ster \u00e9 uma fibra sint\u00e9tica que pode levar at\u00e9 400 anos para se decompor completamente, j\u00e1 o PVC \u00e9 um pl\u00e1stico com tempo de decomposi\u00e7\u00e3o entre 200 a 600 anos. Ou seja, se os materiais n\u00e3o fossem reaproveitados, levariam centenas de anos para deixarem de existir no planeta.<\/p>\n\n\n\n<p>Em 2023, a rede de farm\u00e1cias realizou a doa\u00e7\u00e3o de 374 banners, resultando na fabrica\u00e7\u00e3o de 8,7 mil produtos, um aumento de mais de tr\u00eas vezes na produ\u00e7\u00e3o em compara\u00e7\u00e3o ao ano anterior. Em 2022, ano em que a rede iniciou a parceria com a Unilehu, foram reaproveitados 256 banners, que resultaram na confec\u00e7\u00e3o de 1,9 mil itens.&nbsp;<\/p>\n\n\n\n<p class=\"has-medium-font-size\">Projeto ECOA Nissei e Unilehu<\/p>\n\n\n\n<p>A parceria prev\u00ea um crit\u00e9rio importante, que \u00e9 a recompra das pe\u00e7as produzidas pela equipe da Unilehu por parte da Nissei. Os produtos finais s\u00e3o utilizados pela rede de farm\u00e1cias como brindes para clientes e colaboradores, gerando impacto consistente na preserva\u00e7\u00e3o ambiental, al\u00e9m de mais empregos e renda para os alunos do projeto social.<\/p>\n\n\n\n<p>\u201c\u00c0s vezes, as empresas apenas destinam os materiais e n\u00e3o se preocupam com o que ser\u00e1 feito com isso. Aqui, o modelo social \u00e9 completo,&nbsp;com a destina\u00e7\u00e3o dos produtos, defini\u00e7\u00e3o do que vai ser feito e recompra. Ent\u00e3o, \u00e9 um modelo de economia circular muito interessante e que gera um impacto social significativo\u201d, aponta Andrea Koppe, presidente da Unilehu.<\/p>\n\n\n\n<p>Na sele\u00e7\u00e3o dos estudantes, a Unilehu prioriza indiv\u00edduos com maior dificuldade de acesso ao mercado de trabalho, como pessoas com defici\u00eancia, imigrantes, idosos, mulheres e aqueles que est\u00e3o em tratamento psiqui\u00e1trico.\u201cS\u00e3o pessoas para quem o ingresso no mercado de trabalho seria dif\u00edcil por diversos motivos, como o fato de n\u00e3o apresentarem condi\u00e7\u00f5es psicossociais, habilidades t\u00e9cnicas avan\u00e7adas ou at\u00e9 mesmo documenta\u00e7\u00e3o para serem registradas num emprego. Elas ficam conosco at\u00e9 conseguirem alcan\u00e7ar essas condi\u00e7\u00f5es t\u00e9cnicas e sociais. Oferecemos uma grande infraestrutura, equipamentos novos e equipe de professores para dar todo suporte, para que elas possam vir aqui e ter a preocupa\u00e7\u00e3o apenas de aprender e trabalhar\u201d, finaliza&nbsp;Andrea.<\/p>\n","protected":false},"excerpt":{"rendered":"<p>Rede paranaense inova com projeto de preserva\u00e7\u00e3o ambiental e assist\u00eancia social Projeto inovador transforma lonas usadas em brindes personalizados, contribuindo com o meio ambiente e gerando renda para pessoas em situa\u00e7\u00e3o de vulnerabilidade Com foco em boas pr\u00e1ticas sociais e ambientais, a Nissei desenvolveu um projeto para reaproveitar res\u00edduos potencialmente poluentes da rede de farm\u00e1cias.&nbsp;O [&hellip;]<\/p>\n","protected":false},"author":1,"featured_media":1698,"comment_status":"open","ping_status":"open","sticky":false,"template":"","format":"standard","meta":{"footnotes":""},"categories":[29],"tags":[],"class_list":["post-1697","post","type-post","status-publish","format-standard","has-post-thumbnail","hentry","category-artigos"],"_links":{"self":[{"href":"https:\/\/diarioparanaense.com\/index.php?rest_route=\/wp\/v2\/posts\/1697","targetHints":{"allow":["GET"]}}],"collection":[{"href":"https:\/\/diarioparanaense.com\/index.php?rest_route=\/wp\/v2\/posts"}],"about":[{"href":"https:\/\/diarioparanaense.com\/index.php?rest_route=\/wp\/v2\/types\/post"}],"author":[{"embeddable":true,"href":"https:\/\/diarioparanaense.com\/index.php?rest_route=\/wp\/v2\/users\/1"}],"replies":[{"embeddable":true,"href":"https:\/\/diarioparanaense.com\/index.php?rest_route=%2Fwp%2Fv2%2Fcomments&post=1697"}],"version-history":[{"count":1,"href":"https:\/\/diarioparanaense.com\/index.php?rest_route=\/wp\/v2\/posts\/1697\/revisions"}],"predecessor-version":[{"id":1700,"href":"https:\/\/diarioparanaense.com\/index.php?rest_route=\/wp\/v2\/posts\/1697\/revisions\/1700"}],"wp:featuredmedia":[{"embeddable":true,"href":"https:\/\/diarioparanaense.com\/index.php?rest_route=\/wp\/v2\/media\/1698"}],"wp:attachment":[{"href":"https:\/\/diarioparanaense.com\/index.php?rest_route=%2Fwp%2Fv2%2Fmedia&parent=1697"}],"wp:term":[{"taxonomy":"category","embeddable":true,"href":"https:\/\/diarioparanaense.com\/index.php?rest_route=%2Fwp%2Fv2%2Fcategories&post=1697"},{"taxonomy":"post_tag","embeddable":true,"href":"https:\/\/diarioparanaense.com\/index.php?rest_route=%2Fwp%2Fv2%2Ftags&post=1697"}],"curies":[{"name":"wp","href":"https:\/\/api.w.org\/{rel}","templated":true}]}}