{"id":1685,"date":"2023-11-28T14:09:41","date_gmt":"2023-11-28T17:09:41","guid":{"rendered":"https:\/\/diarioparanaense.com\/?p=1685"},"modified":"2023-11-28T14:10:18","modified_gmt":"2023-11-28T17:10:18","slug":"curativo-a-vacuo-solucao-para-cuidado-e-manejo-avancado-de-feridas","status":"publish","type":"post","link":"https:\/\/diarioparanaense.com\/?p=1685","title":{"rendered":"Curativo a v\u00e1cuo: solu\u00e7\u00e3o para cuidado e manejo avan\u00e7ado de feridas"},"content":{"rendered":"\n<p>Recentemente, o Dr. Marco Aur\u00e9lio Silv\u00e9rio Neves, ortopedista e traumatologista especializado em cirurgia de quadril e joelho, foi convidado a participar do BioskillsLab de Ortopedia y Cirurgia Pl\u00e1stica, realizado na Fl\u00f3rida, EUA. O evento promovido pela 3M teve como objetivo reunir um grupo de ortopedistas e cirurgi\u00f5es pl\u00e1sticos para discutir as inova\u00e7\u00f5es em solu\u00e7\u00f5es para o cuidado e manejo avan\u00e7ado de feridas em pacientes.<\/p>\n\n\n\n<p>A terapia de press\u00e3o negativa, tamb\u00e9m conhecida como curativo a v\u00e1cuo \u00e9 uma t\u00e9cnica que utiliza um curativo especial para criar press\u00e3o negativa no local da ferida. Esse tipo de curativo consiste em aplicar uma camada de espuma absorvente coberta por um filme transparente, conectado a um sistema de suc\u00e7\u00e3o que retira o ar do interior do curativo, gerando a press\u00e3o negativa.<\/p>\n\n\n\n<p>Amplamente utilizada nas cirurgias ortop\u00e9dicas e nas artroplastias (substitui\u00e7\u00e3o de articula\u00e7\u00f5es), o curativo a v\u00e1cuo pode ser aplicada para promover a cicatriza\u00e7\u00e3o de feridas ap\u00f3s procedimentos cir\u00fargicos para reduzir o edema (incha\u00e7o) e o ac\u00famulo de flu\u00eddos, estimular a forma\u00e7\u00e3o de tecido saud\u00e1vel e melhorar a circula\u00e7\u00e3o sangu\u00ednea local. \u201cAl\u00e9m de todos esses benef\u00edcios, ela pode auxiliar na redu\u00e7\u00e3o de complica\u00e7\u00f5es p\u00f3s-operat\u00f3rias\u201d, ressalta Dr Marco Aur\u00e9lio.<\/p>\n\n\n\n<p>Segundo o ortopedista, a t\u00e9cnica pode ser utilizada para diversas situa\u00e7\u00f5es nas cirurgias ortop\u00e9dicas, entre elas no tratamento de feridas p\u00f3s-operat\u00f3rias, deisc\u00eancias (abertura da incis\u00e3o cir\u00fargica), infec\u00e7\u00f5es e lacera\u00e7\u00f5es de tecidos moles. J\u00e1 nas artroplastias, ela pode auxiliar na preven\u00e7\u00e3o de infec\u00e7\u00f5es, na cicatriza\u00e7\u00e3o de feriadas e na redu\u00e7\u00e3o de complica\u00e7\u00f5es p\u00f3s-operat\u00f3rias.<\/p>\n\n\n\n<p>\u00c9 importante ressaltar que o uso da terapia de press\u00e3o negativa deve ser indicada e supervisionada por profissionais de sa\u00fade, como cirurgi\u00f5es ortop\u00e9dicos ou especialistas em curativos avan\u00e7ados, um estomaterapeuta. \u201cCada caso \u00e9 \u00fanico e requer avalia\u00e7\u00e3o individualizada para determinar se essa abordagem terap\u00eautica \u00e9 adequada para o paciente\u201d, destaca o m\u00e9dico.<\/p>\n\n\n<div class=\"wp-block-image\">\n<figure class=\"aligncenter size-full\"><img loading=\"lazy\" decoding=\"async\" width=\"800\" height=\"800\" src=\"https:\/\/diarioparanaense.com\/wp-content\/uploads\/2023\/11\/1awrr.jpg\" alt=\"\" class=\"wp-image-1690\" srcset=\"https:\/\/diarioparanaense.com\/wp-content\/uploads\/2023\/11\/1awrr.jpg 800w, https:\/\/diarioparanaense.com\/wp-content\/uploads\/2023\/11\/1awrr-300x300.jpg 300w, https:\/\/diarioparanaense.com\/wp-content\/uploads\/2023\/11\/1awrr-150x150.jpg 150w, https:\/\/diarioparanaense.com\/wp-content\/uploads\/2023\/11\/1awrr-768x768.jpg 768w, https:\/\/diarioparanaense.com\/wp-content\/uploads\/2023\/11\/1awrr-696x696.jpg 696w, https:\/\/diarioparanaense.com\/wp-content\/uploads\/2023\/11\/1awrr-420x420.jpg 420w\" sizes=\"auto, (max-width: 800px) 100vw, 800px\" \/><figcaption class=\"wp-element-caption\">Dr Marco Aur\u00e9lio Silv\u00e9rio Neves, ortopedista e traumatologista, especializado em cirurgias de pr\u00f3teses de quadril\u00a0e\u00a0joelho<\/figcaption><\/figure><\/div>\n\n\n<p><strong>Sobre Dr. Marco Aur\u00e9lio S. Neves<\/strong><\/p>\n\n\n\n<p>Dr Marco Aur\u00e9lio S. Neves, ortopedista e traumatologista, especializado em pr\u00f3teses de quadril e joelho.<\/p>\n\n\n\n<p>Pioneiro no Brasil em t\u00e9cnicas avan\u00e7adas para realiza\u00e7\u00e3o de cirurgias de pr\u00f3tese de quadril e de joelho. Conta com especializa\u00e7\u00e3o em Ortopedia e Traumatologia (2001) e em Cirurgia do Quadril e do Joelho (2002 e 2003), pelo Hospital das Cl\u00ednicas da Faculdade de Medicina da Universidade de S\u00e3o Paulo (HC \u2013 FMUSP).<\/p>\n\n\n\n<p>O grande diferencial do m\u00e9dico s\u00e3o as bases tecnol\u00f3gicas aplicadas na pr\u00f3tese de joelho, o uso de guias customizadas feitas sob medida para cada paciente, por meio de impress\u00e3o 3D, aumenta a precis\u00e3o da cirurgia, otimizando os resultados. E na cirurgia de pr\u00f3tese de quadril, pioneiro na utiliza\u00e7\u00e3o da via anterior \u00e9 a \u00fanica que possibilita o m\u00e9todo verdadeiramente n\u00e3o invasivo (AMIS), preservando m\u00fasculos e tend\u00f5es.<\/p>\n\n\n\n<p>A realidade aumentada e a rob\u00f3tica para diminuir a agress\u00e3o da cirurgia e permitir uma recupera\u00e7\u00e3o mais r\u00e1pida tamb\u00e9m j\u00e1 s\u00e3o uma realidade. Um dos pioneiros no Brasil em t\u00e9cnicas avan\u00e7adas para realiza\u00e7\u00e3o de cirurgias de pr\u00f3tese de quadril e de joelho.<\/p>\n\n\n\n<p>Especializa\u00e7\u00f5es em centros de refer\u00eancia em cirurgia ortop\u00e9dica do mundo, entre eles: Presbyterian Hospital Plano (Texas, Estados Unidos, 2004), Hospital Jan Palfij (Gent, B\u00e9lgica, 2006), Clinic Dr. Decker (Munique, Alemanha, 2006), The Steadman Clinic (Vail, Estados Unidos, 2009), South West London Orthopaedic Center (Inglaterra, 2013), Le Centre M\u00e9dico Chirurgical Paris V (Paris, Fran\u00e7a, 2015).<\/p>\n\n\n\n<p><strong>Para mais informa\u00e7\u00f5es:<\/strong> <a href=\"http:\/\/www.drmarcoaurelio.com.br\">www.drmarcoaurelio.com.br<\/a><\/p>\n\n\n\n<p><strong>Instagram<\/strong>: @drmarcoaurelio.ortopedia<\/p>\n\n\n\n<p><strong>Linkedin<\/strong>: marco-aurelio-silverio-neves<\/p>\n","protected":false},"excerpt":{"rendered":"<p>Recentemente, o Dr. Marco Aur\u00e9lio Silv\u00e9rio Neves, ortopedista e traumatologista especializado em cirurgia de quadril e joelho, foi convidado a participar do BioskillsLab de Ortopedia y Cirurgia Pl\u00e1stica, realizado na Fl\u00f3rida, EUA. O evento promovido pela 3M teve como objetivo reunir um grupo de ortopedistas e cirurgi\u00f5es pl\u00e1sticos para discutir as inova\u00e7\u00f5es em solu\u00e7\u00f5es para [&hellip;]<\/p>\n","protected":false},"author":1,"featured_media":1689,"comment_status":"open","ping_status":"open","sticky":false,"template":"","format":"standard","meta":{"footnotes":""},"categories":[29],"tags":[168],"class_list":["post-1685","post","type-post","status-publish","format-standard","has-post-thumbnail","hentry","category-artigos","tag-dr-marco-aurelio-silverio-neves"],"_links":{"self":[{"href":"https:\/\/diarioparanaense.com\/index.php?rest_route=\/wp\/v2\/posts\/1685","targetHints":{"allow":["GET"]}}],"collection":[{"href":"https:\/\/diarioparanaense.com\/index.php?rest_route=\/wp\/v2\/posts"}],"about":[{"href":"https:\/\/diarioparanaense.com\/index.php?rest_route=\/wp\/v2\/types\/post"}],"author":[{"embeddable":true,"href":"https:\/\/diarioparanaense.com\/index.php?rest_route=\/wp\/v2\/users\/1"}],"replies":[{"embeddable":true,"href":"https:\/\/diarioparanaense.com\/index.php?rest_route=%2Fwp%2Fv2%2Fcomments&post=1685"}],"version-history":[{"count":2,"href":"https:\/\/diarioparanaense.com\/index.php?rest_route=\/wp\/v2\/posts\/1685\/revisions"}],"predecessor-version":[{"id":1692,"href":"https:\/\/diarioparanaense.com\/index.php?rest_route=\/wp\/v2\/posts\/1685\/revisions\/1692"}],"wp:featuredmedia":[{"embeddable":true,"href":"https:\/\/diarioparanaense.com\/index.php?rest_route=\/wp\/v2\/media\/1689"}],"wp:attachment":[{"href":"https:\/\/diarioparanaense.com\/index.php?rest_route=%2Fwp%2Fv2%2Fmedia&parent=1685"}],"wp:term":[{"taxonomy":"category","embeddable":true,"href":"https:\/\/diarioparanaense.com\/index.php?rest_route=%2Fwp%2Fv2%2Fcategories&post=1685"},{"taxonomy":"post_tag","embeddable":true,"href":"https:\/\/diarioparanaense.com\/index.php?rest_route=%2Fwp%2Fv2%2Ftags&post=1685"}],"curies":[{"name":"wp","href":"https:\/\/api.w.org\/{rel}","templated":true}]}}