{"id":1684,"date":"2023-11-28T14:27:27","date_gmt":"2023-11-28T17:27:27","guid":{"rendered":"https:\/\/diarioparanaense.com\/?p=1684"},"modified":"2023-11-28T14:27:27","modified_gmt":"2023-11-28T17:27:27","slug":"premio-elege-os-principais-projetos-de-inovacao-na-educacao-do-parana","status":"publish","type":"post","link":"https:\/\/diarioparanaense.com\/?p=1684","title":{"rendered":"Pr\u00eamio elege os principais projetos de inova\u00e7\u00e3o na educa\u00e7\u00e3o do Paran\u00e1"},"content":{"rendered":"\n<blockquote class=\"wp-block-quote is-layout-flow wp-block-quote-is-layout-flow\">\n<p>Pr\u00eamio elege os principais projetos de inova\u00e7\u00e3o na educa\u00e7\u00e3o do Paran\u00e1<\/p>\n<\/blockquote>\n\n\n\n<p><br>Evento reuniu autoridades, educadores e convidados na premia\u00e7\u00e3o do Sindicato das Escolas Particulares (Sinepe\/PR) na \u00faltima sexta-feira (24)<\/p>\n\n\n\n<p>Aconteceu na \u00faltima sexta-feira (24), o Pr\u00eamio Pr\u00e1ticas Inovadoras em Educa\u00e7\u00e3o do Sindicato das Escolas Particulares (Sinepe\/PR). O evento realizado em Curitiba reuniu mais de 300 pessoas, entre autoridades, educadores e convidados. Os vencedores foram revelados e premiados por projetos que visam promover a inova\u00e7\u00e3o no ambiente de aprendizagem.<\/p>\n\n\n\n<p>Dos inscritos, foram mais de 50 projetos classificados de institui\u00e7\u00f5es de ensino de todo o estado que foram analisados e elencados por um corpo de jurados formado por educadores experientes. As sete categorias (Educa\u00e7\u00e3o Infantil; Educa\u00e7\u00e3o Fundamental &#8211; Anos Iniciais; Educa\u00e7\u00e3o Fundamental &#8211; Anos Finais; Ensino M\u00e9dio; Educa\u00e7\u00e3o Profissional; Educa\u00e7\u00e3o Superior e Cursos Livres) abriram espa\u00e7o para iniciativas de diversas \u00e1reas do conhecimento e de todos os n\u00edveis de ensino.<\/p>\n\n\n\n<p>Haroldo Andriguetto J\u00fanior, vice-presidente do Sinepe\/PR ressaltou o engajamento das institui\u00e7\u00f5es e o reflexo das a\u00e7\u00f5es para o crescimento e a transforma\u00e7\u00e3o da educa\u00e7\u00e3o no Paran\u00e1. \u201cN\u00f3s ficamos muito contentes com a participa\u00e7\u00e3o em massa das escolas, que estavam ansiosas pelo pr\u00eamio. Quem ganha \u00e9 sempre o setor, a educa\u00e7\u00e3o particular paranaense. Com o evento, as pr\u00e1ticas ganham visibilidade, fazendo com que outras escolas inovem, adaptando as iniciativas ganhadoras em suas realidades educacionais, disse.<\/p>\n\n\n\n<p>Ao final, o evento prestou uma homenagem ao professor Jacir Venturi, personalidade importante da educa\u00e7\u00e3o paranaense, com cinco d\u00e9cadas de trabalho prestados ao setor. \u201cComo professor lecionei seguramente para mais de 90 mil alunos, e sempre mantive o compromisso de fazer de tudo para ter um estudante motivado e por uma educa\u00e7\u00e3o de qualidade, n\u00e3o importa se p\u00fablica ou privada. Essa homenagem n\u00e3o faz sentido se n\u00e3o rendermos um tributo \u00e0 ternura, ao afeto e principalmente \u00e0 gratid\u00e3o\u201d, conta Venturi em discurso recebido sob fortes aplausos dos convidados e familiares.<\/p>\n\n\n\n<p>O encontro foi encerrado com um jantar de confraterniza\u00e7\u00e3o que reuniu colaboradores do setor de educa\u00e7\u00e3o particular no Paran\u00e1.<\/p>\n\n\n\n<p>O evento tamb\u00e9m contou com a presen\u00e7a de autoridades que atuam pela evolu\u00e7\u00e3o da educa\u00e7\u00e3o no pa\u00eds. Estavam presentes o Senador Oriovisto Guimar\u00e3es (PODE-PR), a Presidente do Conselho Municipal de Educa\u00e7\u00e3o de S\u00e3o Jos\u00e9 dos Pinhais (SJP) Ana L\u00facia Rodrigues, a representante do Gabinete de Curitiba do Senador Fl\u00e1vio Arns (PSB-PR), Regina Berbetz, o Vereador de Curitiba Sabino Picollo (UNI\u00c3O), o representante da Associa\u00e7\u00e3o das Escolas Particulares de SJP (ASSEPART) Ronaldo Alves de Andrade, o representante do Movimento Pr\u00f3-Paran\u00e1 Jos\u00e9 Manoel de Macedo Caron Junior, a representante do Sinepe\/PR no F\u00f3rum de Educa\u00e7\u00e3o SJP Leila Carvalho, e os representantes da Divis\u00e3o de Estrutura e Funcionamento da Prefeitura Municipal de SJP Rodrigo Cardoso Gomes, Diego Mileski e Ana Paula Riedel Pires.<\/p>\n\n\n\n<p><strong>Conhe\u00e7a os projetos premiados:<br><\/strong>Categoria: Educa\u00e7\u00e3o Infantil<br>1\u00ba lugar: Brigada do Bullying, da Escola Atua\u00e7\u00e3o \u2013 Curitiba<br>2\u00ba lugar: Reciclando, da Escola Interpares \u2013 Curitiba<br>3\u00ba lugar: Guardi\u00f5es dos Mares: como podemos fazer para que o lixo que produzimos n\u00e3o chegue at\u00e9 as baleias, do Col\u00e9gio Marista Santa Maria \u2013 Curitiba<\/p>\n\n\n\n<p><strong>Categoria: Ensino Fundamental \u2013 Anos Iniciais<br><\/strong>1\u00ba lugar: Programa de Atendimento Educacional Especializado, do Col\u00e9gio Imperatriz Dona Leopoldina \u2013 Guarapuava<br>2\u00ba lugar: Empreender \u00e9 Divertido como Ler e Brincar, do Col\u00e9gio Monteiro Lobato \u2013 Cascavel<br>3\u00ba lugar: Chave Interdisciplinar, da Uninter \u2013 Curitiba<\/p>\n\n\n\n<p><strong>Categoria: Ensino Fundamental \u2013 Anos Finais<br><\/strong>1\u00ba lugar: Valores do Cooperativismo: aprendendo na pr\u00e1tica, do Col\u00e9gio Imperatriz Dona Leopoldina \u2013 Guarapuava<br>2\u00ba lugar: Aprendizagem e Divers\u00e3o: um novo conceito com o projeto passa ou repassa, do Col\u00e9gio SEMA \u2013 S\u00e3o Mateus do Sul<br>3\u00ba lugar: Cidade Carolina, do Col\u00e9gio Nossa Senhora da Gl\u00f3ria \u2013 Francisco Beltr\u00e3o<\/p>\n\n\n\n<p><strong>Categoria: Ensino M\u00e9dio<br><\/strong>1\u00ba lugar: Oficina de Escrita Criativa, do Col\u00e9gio Dom Bosco \u2013 Curitiba<br>2\u00ba lugar: Cidade Carolina, do Col\u00e9gio Nossa Senhora da Gl\u00f3ria \u2013 Francisco Beltr\u00e3o<br>3\u00ba lugar: Hora do Bl\u00e1, da Escola Metropolitana \u2013 Arauc\u00e1ria<\/p>\n\n\n\n<p><strong>Categoria: Educa\u00e7\u00e3o Profissional<br><\/strong>1\u00ba lugar: Global Meeting, da Uninter \u2013 Curitiba<\/p>\n\n\n\n<p><strong>Categoria: Educa\u00e7\u00e3o Superior<br><\/strong>1\u00ba lugar: Programa de Inclus\u00e3o da Pessoa com Defici\u00eancia, da Faculdades Pequeno Pr\u00edncipe \u2013 Curitiba<br>2\u00ba lugar: Escrit\u00f3rio Modelo Unimater, da Unimater \u2013 Pato Branco<br>3\u00ba lugar: Compet\u00eancias Digitais Docentes, da PUCPR \u2013 Curitiba<\/p>\n\n\n\n<p><strong>Categoria: Cursos Livres<br><\/strong>1\u00ba lugar: Encontro Marcado: informa\u00e7\u00e3o e capacita\u00e7\u00e3o para profissionais do setor de asseio e conserva\u00e7\u00e3o, da CEPNKA \u2013 Curitiba<br>2\u00ba lugar: PIOTEC \u2013 Programa de Tecnologia e Ci\u00eancia, do Col\u00e9gio Marista Pio XII \u2013 Ponta Grossa<br>3\u00ba lugar: Res\u00edduos Recicl\u00e1veis Primavera \u2013 Siga a Nossa Pegada, da Escola Especializada Primavera\u00a0\u2013\u00a0Curitiba<\/p>\n","protected":false},"excerpt":{"rendered":"<p>Pr\u00eamio elege os principais projetos de inova\u00e7\u00e3o na educa\u00e7\u00e3o do Paran\u00e1 Evento reuniu autoridades, educadores e convidados na premia\u00e7\u00e3o do Sindicato das Escolas Particulares (Sinepe\/PR) na \u00faltima sexta-feira (24) Aconteceu na \u00faltima sexta-feira (24), o Pr\u00eamio Pr\u00e1ticas Inovadoras em Educa\u00e7\u00e3o do Sindicato das Escolas Particulares (Sinepe\/PR). O evento realizado em Curitiba reuniu mais de 300 [&hellip;]<\/p>\n","protected":false},"author":1,"featured_media":1693,"comment_status":"open","ping_status":"open","sticky":false,"template":"","format":"standard","meta":{"footnotes":""},"categories":[1],"tags":[],"class_list":["post-1684","post","type-post","status-publish","format-standard","has-post-thumbnail","hentry","category-sem-categoria"],"_links":{"self":[{"href":"https:\/\/diarioparanaense.com\/index.php?rest_route=\/wp\/v2\/posts\/1684","targetHints":{"allow":["GET"]}}],"collection":[{"href":"https:\/\/diarioparanaense.com\/index.php?rest_route=\/wp\/v2\/posts"}],"about":[{"href":"https:\/\/diarioparanaense.com\/index.php?rest_route=\/wp\/v2\/types\/post"}],"author":[{"embeddable":true,"href":"https:\/\/diarioparanaense.com\/index.php?rest_route=\/wp\/v2\/users\/1"}],"replies":[{"embeddable":true,"href":"https:\/\/diarioparanaense.com\/index.php?rest_route=%2Fwp%2Fv2%2Fcomments&post=1684"}],"version-history":[{"count":1,"href":"https:\/\/diarioparanaense.com\/index.php?rest_route=\/wp\/v2\/posts\/1684\/revisions"}],"predecessor-version":[{"id":1694,"href":"https:\/\/diarioparanaense.com\/index.php?rest_route=\/wp\/v2\/posts\/1684\/revisions\/1694"}],"wp:featuredmedia":[{"embeddable":true,"href":"https:\/\/diarioparanaense.com\/index.php?rest_route=\/wp\/v2\/media\/1693"}],"wp:attachment":[{"href":"https:\/\/diarioparanaense.com\/index.php?rest_route=%2Fwp%2Fv2%2Fmedia&parent=1684"}],"wp:term":[{"taxonomy":"category","embeddable":true,"href":"https:\/\/diarioparanaense.com\/index.php?rest_route=%2Fwp%2Fv2%2Fcategories&post=1684"},{"taxonomy":"post_tag","embeddable":true,"href":"https:\/\/diarioparanaense.com\/index.php?rest_route=%2Fwp%2Fv2%2Ftags&post=1684"}],"curies":[{"name":"wp","href":"https:\/\/api.w.org\/{rel}","templated":true}]}}