{"id":1683,"date":"2023-11-28T14:29:03","date_gmt":"2023-11-28T17:29:03","guid":{"rendered":"https:\/\/diarioparanaense.com\/?p=1683"},"modified":"2023-11-28T14:29:04","modified_gmt":"2023-11-28T17:29:04","slug":"escola-atuacao-ganha-o-premio-praticas-inovadoras-em-educacao","status":"publish","type":"post","link":"https:\/\/diarioparanaense.com\/?p=1683","title":{"rendered":"Escola Atua\u00e7\u00e3o ganha o Pr\u00eamio Pr\u00e1ticas Inovadoras em Educa\u00e7\u00e3o"},"content":{"rendered":"\n<blockquote class=\"wp-block-quote is-layout-flow wp-block-quote-is-layout-flow\">\n<p>Escola Atua\u00e7\u00e3o ganha o Pr\u00eamio Pr\u00e1ticas Inovadoras em Educa\u00e7\u00e3o<\/p>\n<\/blockquote>\n\n\n\n<p><br>Com o projeto Brigada do Bullying, escola recebe o primeiro lugar na categoria de Educa\u00e7\u00e3o Infantil em premia\u00e7\u00e3o do Sinepe\/PR<\/p>\n\n\n\n<p>Para ensinar os estudantes um comportamento sadio e longe do bullying, a Escola Atua\u00e7\u00e3o desenvolveu um projeto chamado Brigada do Bullying. A a\u00e7\u00e3o recebeu destaque na \u00faltima sexta-feira (24), durante o Pr\u00eamio Pr\u00e1ticas Inovadoras em Educa\u00e7\u00e3o do Sindicato das Escolas Particulares (Sinepe\/PR), quando foi escolhido como principal dentro da categoria por uma banca de avaliadores.<\/p>\n\n\n\n<p>A a\u00e7\u00e3o \u00e9 formada por uma comiss\u00e3o de estudantes, eleitos pelos pr\u00f3prios colegas, que tra\u00e7am estrat\u00e9gias de combate \u00e0 pr\u00e1tica de atos violentos, intencionais e repetitivos, contra uma pessoa indefesa, que podem causar danos f\u00edsicos e psicol\u00f3gicos \u00e0s v\u00edtimas. O case da Escola Atua\u00e7\u00e3o foi um dos mais de 50 projetos que foram classificados e analisados.<\/p>\n\n\n\n<p>As sete categorias da premia\u00e7\u00e3o (Educa\u00e7\u00e3o Infantil; Educa\u00e7\u00e3o Fundamental &#8211; Anos Iniciais; Educa\u00e7\u00e3o Fundamental &#8211; Anos Finais; Ensino M\u00e9dio; Educa\u00e7\u00e3o Profissional; Educa\u00e7\u00e3o Superior e Cursos Livres) abriram espa\u00e7o para iniciativas que visam promover a inova\u00e7\u00e3o no ambiente de aprendizagem.<\/p>\n\n\n\n<p>\u201cAo participar de pr\u00eamios como esse n\u00f3s estamos compartilhando boas pr\u00e1ticas pedag\u00f3gicas. O Atua\u00e7\u00e3o \u00e9 uma escola que busca sempre estar se inovando e isso reflete quando ganhamos esse reconhecimento. Apresenta que estamos no caminho certo, ampliando os horizontes e transformando vidas\u201d, explica a diretora e pedagoga Esther Cristina&nbsp;Pereira.<\/p>\n","protected":false},"excerpt":{"rendered":"<p>Escola Atua\u00e7\u00e3o ganha o Pr\u00eamio Pr\u00e1ticas Inovadoras em Educa\u00e7\u00e3o Com o projeto Brigada do Bullying, escola recebe o primeiro lugar na categoria de Educa\u00e7\u00e3o Infantil em premia\u00e7\u00e3o do Sinepe\/PR Para ensinar os estudantes um comportamento sadio e longe do bullying, a Escola Atua\u00e7\u00e3o desenvolveu um projeto chamado Brigada do Bullying. A a\u00e7\u00e3o recebeu destaque na [&hellip;]<\/p>\n","protected":false},"author":1,"featured_media":1695,"comment_status":"open","ping_status":"open","sticky":false,"template":"","format":"standard","meta":{"footnotes":""},"categories":[29],"tags":[],"class_list":["post-1683","post","type-post","status-publish","format-standard","has-post-thumbnail","hentry","category-artigos"],"_links":{"self":[{"href":"https:\/\/diarioparanaense.com\/index.php?rest_route=\/wp\/v2\/posts\/1683","targetHints":{"allow":["GET"]}}],"collection":[{"href":"https:\/\/diarioparanaense.com\/index.php?rest_route=\/wp\/v2\/posts"}],"about":[{"href":"https:\/\/diarioparanaense.com\/index.php?rest_route=\/wp\/v2\/types\/post"}],"author":[{"embeddable":true,"href":"https:\/\/diarioparanaense.com\/index.php?rest_route=\/wp\/v2\/users\/1"}],"replies":[{"embeddable":true,"href":"https:\/\/diarioparanaense.com\/index.php?rest_route=%2Fwp%2Fv2%2Fcomments&post=1683"}],"version-history":[{"count":1,"href":"https:\/\/diarioparanaense.com\/index.php?rest_route=\/wp\/v2\/posts\/1683\/revisions"}],"predecessor-version":[{"id":1696,"href":"https:\/\/diarioparanaense.com\/index.php?rest_route=\/wp\/v2\/posts\/1683\/revisions\/1696"}],"wp:featuredmedia":[{"embeddable":true,"href":"https:\/\/diarioparanaense.com\/index.php?rest_route=\/wp\/v2\/media\/1695"}],"wp:attachment":[{"href":"https:\/\/diarioparanaense.com\/index.php?rest_route=%2Fwp%2Fv2%2Fmedia&parent=1683"}],"wp:term":[{"taxonomy":"category","embeddable":true,"href":"https:\/\/diarioparanaense.com\/index.php?rest_route=%2Fwp%2Fv2%2Fcategories&post=1683"},{"taxonomy":"post_tag","embeddable":true,"href":"https:\/\/diarioparanaense.com\/index.php?rest_route=%2Fwp%2Fv2%2Ftags&post=1683"}],"curies":[{"name":"wp","href":"https:\/\/api.w.org\/{rel}","templated":true}]}}