{"id":1669,"date":"2023-11-24T14:29:00","date_gmt":"2023-11-24T17:29:00","guid":{"rendered":"https:\/\/diarioparanaense.com\/?p=1669"},"modified":"2023-11-24T14:29:00","modified_gmt":"2023-11-24T17:29:00","slug":"luana-berti-e-banda-fuze-se-unem-em-novo-single-quero-bem-mais","status":"publish","type":"post","link":"https:\/\/diarioparanaense.com\/?p=1669","title":{"rendered":"Luana Berti e banda Fuze se unem em novo single &#8220;Quero Bem Mais\u201d"},"content":{"rendered":"\n<p class=\"has-medium-font-size\">Novo single de Luana Berti e da banda de pop rock carioca Fuze traz uma fus\u00e3o musical e chega acompanhada de um visualizer<\/p>\n\n\n\n<p>Nesta sexta-feira (24), a cantora e compositora Luana Berti se junta \u00e0 banda Fuze para o lan\u00e7amento do seu mais novo single, &#8220;Quero Bem Mais&#8221;. A parceria musical, que chega acompanhada de um visualizer, traz uma vers\u00e3o da artista nunca apresentada antes, que promete surpreender os ouvintes.<\/p>\n\n\n\n<p>A nova can\u00e7\u00e3o \u00e9 inspirada nos anseios e desejos que permeiam a vida, expressando a busca constante por mais conex\u00f5es e emo\u00e7\u00f5es. Os versos, que refletem esses sentimentos, foram compostos pelos pr\u00f3prios artistas, resultando em uma fus\u00e3o de talentos e sonoridades.<\/p>\n\n\n\n<p>&#8220;Quero sempre mais de voc\u00ea \/ N\u00e3o me leve a mal \/ \u00c9 que eu n\u00e3o quero perder \/ Nenhuma parte sua \/ J\u00e1 que eu s\u00f3 tenho essa vida \/ Eu vivo com a cabe\u00e7a l\u00e1 na lua \/ Ent\u00e3o deixa eu te ver \/ Pra n\u00e3o esquecer \/ Do som que tem tua risada \/ E mais uma noite virada \/ Vendo outro amanhecer&#8221;, diz a letra.<br>Segundo Luana, a parceria entre eles surgiu de maneira espont\u00e2nea ap\u00f3s uma colabora\u00e7\u00e3o anterior em seu \u00faltimo lan\u00e7amento. &#8220;Eu fui gravar &#8216;Nos&#8217; e queria trazer uma pegada mais ac\u00fastica para m\u00fasica, ent\u00e3o convidei eles para produzirem a m\u00fasica comigo! Da\u00ed surgiu uma sintonia super gostosa e falamos de fazer algum feat! Foi quando eu comecei a escrever &#8216;Quero Bem Mais&#8217; e achei a cara deles, e sugeri que fosse essa m\u00fasica!&#8221;, revelou.<br>A Fuze, por sua vez, conta que a conex\u00e3o foi imediata. &#8220;Desde o primeiro dia que ela colou l\u00e1 no est\u00fadio, a gente j\u00e1 se entendeu demais e se divertiu muito juntos. Al\u00e9m de gostos musicais e sonoridade pr\u00f3ximos, criamos uma amizade que sabemos que vamos levar pra vida. Fazer um feat era quest\u00e3o de tempo mesmo, foi natural&#8221;, disse a banda.<\/p>\n\n\n\n<p>&#8220;Quero Bem Mais&#8221; representa uma nova dire\u00e7\u00e3o art\u00edstica para Luana Berti, incorporando uma pitada de groove proporcionada pelos instrumentais org\u00e2nicos da Fuze ao seu caracter\u00edstico Pop Leve. &#8220;A Fuze \u00e9 mais displicente sonoramente falando, algo mais rua, mais pop rock! Ent\u00e3o eu quis usar e abusar ao m\u00e1ximo disso, porque \u00e9 a oportunidade que eu tenho pra mostrar outros lados de Luana Berti que ficam guardados em outras caixinhas!&#8221;, afirmou.<\/p>\n\n\n\n<p>Na produ\u00e7\u00e3o visual, os artistas surgem se lambuzando com um bolo, capturando o tema central do single. &#8220;Quer\u00edamos retratar o objeto de desejo de alguma forma! Da\u00ed que o felipe, baixista da fuze, trouxe a ideia de ser um bolo! Algo que todo mundo gosta e geralmente gostaria de ter sempre mais haha&#8221;, brinca a cantora.<\/p>\n\n\n\n<p>Com grandes expectativas para o lan\u00e7amento, Luana Berti expressa o desejo de que as pessoas cantem bem alto com eles durante os shows. &#8220;A m\u00fasica est\u00e1 animada e \u2018pulante\u2019, estou ansiosa para ver todo mundo aumentando o som e querendo bem mais de Luana Berti e Fuze!&#8221;,&nbsp;declarou.<\/p>\n","protected":false},"excerpt":{"rendered":"<p>Novo single de Luana Berti e da banda de pop rock carioca Fuze traz uma fus\u00e3o musical e chega acompanhada de um visualizer Nesta sexta-feira (24), a cantora e compositora Luana Berti se junta \u00e0 banda Fuze para o lan\u00e7amento do seu mais novo single, &#8220;Quero Bem Mais&#8221;. A parceria musical, que chega acompanhada de [&hellip;]<\/p>\n","protected":false},"author":1,"featured_media":1675,"comment_status":"open","ping_status":"open","sticky":false,"template":"","format":"standard","meta":{"footnotes":""},"categories":[27],"tags":[],"class_list":["post-1669","post","type-post","status-publish","format-standard","has-post-thumbnail","hentry","category-musica"],"_links":{"self":[{"href":"https:\/\/diarioparanaense.com\/index.php?rest_route=\/wp\/v2\/posts\/1669","targetHints":{"allow":["GET"]}}],"collection":[{"href":"https:\/\/diarioparanaense.com\/index.php?rest_route=\/wp\/v2\/posts"}],"about":[{"href":"https:\/\/diarioparanaense.com\/index.php?rest_route=\/wp\/v2\/types\/post"}],"author":[{"embeddable":true,"href":"https:\/\/diarioparanaense.com\/index.php?rest_route=\/wp\/v2\/users\/1"}],"replies":[{"embeddable":true,"href":"https:\/\/diarioparanaense.com\/index.php?rest_route=%2Fwp%2Fv2%2Fcomments&post=1669"}],"version-history":[{"count":1,"href":"https:\/\/diarioparanaense.com\/index.php?rest_route=\/wp\/v2\/posts\/1669\/revisions"}],"predecessor-version":[{"id":1676,"href":"https:\/\/diarioparanaense.com\/index.php?rest_route=\/wp\/v2\/posts\/1669\/revisions\/1676"}],"wp:featuredmedia":[{"embeddable":true,"href":"https:\/\/diarioparanaense.com\/index.php?rest_route=\/wp\/v2\/media\/1675"}],"wp:attachment":[{"href":"https:\/\/diarioparanaense.com\/index.php?rest_route=%2Fwp%2Fv2%2Fmedia&parent=1669"}],"wp:term":[{"taxonomy":"category","embeddable":true,"href":"https:\/\/diarioparanaense.com\/index.php?rest_route=%2Fwp%2Fv2%2Fcategories&post=1669"},{"taxonomy":"post_tag","embeddable":true,"href":"https:\/\/diarioparanaense.com\/index.php?rest_route=%2Fwp%2Fv2%2Ftags&post=1669"}],"curies":[{"name":"wp","href":"https:\/\/api.w.org\/{rel}","templated":true}]}}