{"id":1668,"date":"2023-11-24T14:28:15","date_gmt":"2023-11-24T17:28:15","guid":{"rendered":"https:\/\/diarioparanaense.com\/?p=1668"},"modified":"2023-11-24T14:28:15","modified_gmt":"2023-11-24T17:28:15","slug":"joao-bosco-gabriel-lancam-vestido-no-limite","status":"publish","type":"post","link":"https:\/\/diarioparanaense.com\/?p=1668","title":{"rendered":"Jo\u00e3o Bosco &amp; Gabriel lan\u00e7am \u201cVestido no Limite\u201d"},"content":{"rendered":"\n<p class=\"has-medium-font-size\">Primeira faixa do DVD \u201cDNA\u201d tem a participa\u00e7\u00e3o de Kadu Martins, conhecido pelo hit Novinha do OnllyFans, que chega \u00e0s plataformas digitais hoje (24)<\/p>\n\n\n\n<p>Celebrando as conquistas e dando in\u00edcio a uma nova fase da carreira, Jo\u00e3o Bosco &amp; Gabriel apresentam a primeira faixa do seu terceiro DVD, intitulado \u201cDNA\u201d. O lan\u00e7amento acontece nesta sexta-feira (24) e a m\u00fasica escolhida para abrir as divulga\u00e7\u00f5es foi \u201cVestido no Limite\u201d, com feat. de Kadu Martins. O trabalho est\u00e1 dispon\u00edvel pela Som Livre, nas plataformas digitais, e o v\u00eddeo tamb\u00e9m foi disponibilizado no YouTube, no canal oficial da dupla.<\/p>\n\n\n\n<p>Escrita por Z\u00e9 Andr\u00e9, Rafael Quadros, Blenner Maycom, Felipe Sales e Gabriel Monteiro, este trabalho traz a mistura de sertanejo, funk e eletr\u00f4nico, al\u00e9m disso, tem um refr\u00e3o chiclete, daqueles que gruda na mente. Esta \u00e9 uma grande aposta dos artistas para o ver\u00e3o. \u201cA m\u00fasica \u00e9 atual e envolvente, fala de um relacionamento que n\u00e3o deu certo e o cara decide esquecer a mulher na marra. Mas n\u00e3o \u00e9 bem assim que acontece\u2026Muito bom ter o Kadu Martins no projeto, ele manda muito bem no sertanejo, no brega funk, \u00e9 multifacetado. Estamos ansiosos para poder, finalmente, divulgar esse single\u201d, diz Jo\u00e3o Bosco.<\/p>\n\n\n\n<p>\u201cAcreditamos muito no potencial de \u2018Vestido no Limite\u2019 e esperamos, do fundo do cora\u00e7\u00e3o, que o p\u00fablico ame tanto quanto a gente, \u00e9 nossa identidade porque somos os compositores tamb\u00e9m, acredito que ser\u00e1 uma virada de chaves\u201d, comenta Gabriel.<\/p>\n\n\n\n<p>O projeto audiovisual \u201cDNA\u201d foi registrado em Goi\u00e2nia, no final de setembro de 2023. Nos pr\u00f3ximos meses, Jo\u00e3o Bosco &amp; Gabriel divulgar\u00e3o as outras 12 faixas com participa\u00e7\u00f5es de Cl\u00e9ber &amp; Cauan, L\u00e9o &amp; Raphael, MC Jacar\u00e9 e Felipe &amp; Rodrigo. A produ\u00e7\u00e3o \u00e9 assinada por Thiaguinho Lopes (produtor art\u00edstico) ao lado de Franklin Godinho e Livia Fernandes (produtores gerais). J\u00e1 a dire\u00e7\u00e3o de v\u00eddeo \u00e9 de Rafael Terra, com respaldo total do escrit\u00f3rio dos meninos, a Diamantes Produ\u00e7\u00e3o. \u201cEstamos muito felizes e empolgados com este novo projeto e mal podemos esperar para receber o feedback do nosso p\u00fablico. Foi uma noite muito especial que marca o in\u00edcio de uma nova etapa em nossa carreira\u201d, completa Gabriel.<\/p>\n\n\n\n<p class=\"has-medium-font-size\">Sobre Jo\u00e3o Bosco &amp; Gabriel:<\/p>\n\n\n\n<p>Formada no Rio Grande do Sul, em 2018, Jo\u00e3o Bosco &amp; Gabriel chegaram para dar uma nova cara \u00e0 m\u00fasica sertaneja. Diferente de muitos artistas do segmento, eles come\u00e7aram juntos no gospel e trouxeram toda esta vasta bagagem musical para o g\u00eanero que domina as paradas de sucesso no Brasil. Atualmente moram no ber\u00e7o do sertanejo, em Goi\u00e2nia, e viajam para todo o Brasil em suas turn\u00eas.<\/p>\n\n\n\n<p>No total, eles j\u00e1 gravaram 03 EPs: Ac\u00fastico no Bar, em Curitiba, 2018; Ac\u00fastico no bar de novo, em Goi\u00e2nia, 2019; Diamantes, em Goi\u00e2nia, 2020. Foram tamb\u00e9m registrados<br>03 DVDs, todos em Goi\u00e2nia: Cola Aqui, 2021; Dois Lados, 2022; DNA, 2023.<\/p>\n\n\n\n<p>Donos dos hits \u201cAl\u00f4 Ex Amor\u201d, \u201cAssume a Gente\u201d, \u201cC\u00ea t\u00e1 Doido, Motorista\u201d, \u201cLocaliza A\u00ed Beb\u00ea\u201d, entre outros, a dupla atualmente soma n\u00fameros expressivos no mercado digital, s\u00e3o mais de 965 mil ouvintes mensais no Spotify.<\/p>\n\n\n\n<p>Siga @joaoboscoegabrieldupla e n\u00e3o perca os pr\u00f3ximos passos&nbsp;da&nbsp;dupla.<\/p>\n","protected":false},"excerpt":{"rendered":"<p>Primeira faixa do DVD \u201cDNA\u201d tem a participa\u00e7\u00e3o de Kadu Martins, conhecido pelo hit Novinha do OnllyFans, que chega \u00e0s plataformas digitais hoje (24) Celebrando as conquistas e dando in\u00edcio a uma nova fase da carreira, Jo\u00e3o Bosco &amp; Gabriel apresentam a primeira faixa do seu terceiro DVD, intitulado \u201cDNA\u201d. O lan\u00e7amento acontece nesta sexta-feira [&hellip;]<\/p>\n","protected":false},"author":1,"featured_media":1673,"comment_status":"open","ping_status":"open","sticky":false,"template":"","format":"standard","meta":{"footnotes":""},"categories":[27],"tags":[],"class_list":["post-1668","post","type-post","status-publish","format-standard","has-post-thumbnail","hentry","category-musica"],"_links":{"self":[{"href":"https:\/\/diarioparanaense.com\/index.php?rest_route=\/wp\/v2\/posts\/1668","targetHints":{"allow":["GET"]}}],"collection":[{"href":"https:\/\/diarioparanaense.com\/index.php?rest_route=\/wp\/v2\/posts"}],"about":[{"href":"https:\/\/diarioparanaense.com\/index.php?rest_route=\/wp\/v2\/types\/post"}],"author":[{"embeddable":true,"href":"https:\/\/diarioparanaense.com\/index.php?rest_route=\/wp\/v2\/users\/1"}],"replies":[{"embeddable":true,"href":"https:\/\/diarioparanaense.com\/index.php?rest_route=%2Fwp%2Fv2%2Fcomments&post=1668"}],"version-history":[{"count":1,"href":"https:\/\/diarioparanaense.com\/index.php?rest_route=\/wp\/v2\/posts\/1668\/revisions"}],"predecessor-version":[{"id":1674,"href":"https:\/\/diarioparanaense.com\/index.php?rest_route=\/wp\/v2\/posts\/1668\/revisions\/1674"}],"wp:featuredmedia":[{"embeddable":true,"href":"https:\/\/diarioparanaense.com\/index.php?rest_route=\/wp\/v2\/media\/1673"}],"wp:attachment":[{"href":"https:\/\/diarioparanaense.com\/index.php?rest_route=%2Fwp%2Fv2%2Fmedia&parent=1668"}],"wp:term":[{"taxonomy":"category","embeddable":true,"href":"https:\/\/diarioparanaense.com\/index.php?rest_route=%2Fwp%2Fv2%2Fcategories&post=1668"},{"taxonomy":"post_tag","embeddable":true,"href":"https:\/\/diarioparanaense.com\/index.php?rest_route=%2Fwp%2Fv2%2Ftags&post=1668"}],"curies":[{"name":"wp","href":"https:\/\/api.w.org\/{rel}","templated":true}]}}