{"id":1667,"date":"2023-11-24T14:27:07","date_gmt":"2023-11-24T17:27:07","guid":{"rendered":"https:\/\/diarioparanaense.com\/?p=1667"},"modified":"2023-11-24T14:27:23","modified_gmt":"2023-11-24T17:27:23","slug":"ariel-b-e-rafa-almeida-unem-o-melhor-do-funk-e-do-sertanejo-em-buque-de-flores","status":"publish","type":"post","link":"https:\/\/diarioparanaense.com\/?p=1667","title":{"rendered":"Ariel B e Rafa Almeida unem o melhor do funk e do sertanejo em \u201cBuqu\u00ea de Flores\u201d"},"content":{"rendered":"\n<p class=\"has-medium-font-size\">A fus\u00e3o \u00fanica de estilos promete agitar as pistas com um convite \u00e0 celebra\u00e7\u00e3o e alegria<\/p>\n\n\n\n<p>Nesta sexta-feira (24), o DJ e produtor Ariel B lan\u00e7a seu mais novo single em parceria com o cantor Rafa Almeida. A faixa intitulada \u201cBuqu\u00ea de Flores\u201d, interpretada pelo sertanejo, promete agitar o cen\u00e1rio com sua jun\u00e7\u00e3o \u00fanica de estilos.<\/p>\n\n\n\n<p>Ariel conta que todo o processo de cria\u00e7\u00e3o do single foi muito flu\u00eddo. \u201cA m\u00fasica nasceu durante um song camping em 2022, e embora j\u00e1 tivesse sido composta h\u00e1 algum tempo, estava \u00e0 espera da voz certa. Quando ouvi as m\u00fasicas do Rafa Almeida, senti imediatamente que ele era a pessoa certa para essa colabora\u00e7\u00e3o. Ele curtiu o som desde o in\u00edcio, e na semana seguinte, j\u00e1 est\u00e1vamos no est\u00fadio dando vida \u00e0 m\u00fasica\u201d, contou.<\/p>\n\n\n\n<p>O DJ revela que a parceria com Rafa aconteceu de forma natural, uma vez que eles se cruzaram por meio de diversos amigos em comum e mantinham contato por meio do Instagram. A conex\u00e3o musical entre eles tamb\u00e9m foi imediata. \u201cAp\u00f3s enviar a guia para ele ouvir, marcamos um encontro para gravar. Fiquei surpreso com a voz incr\u00edvel dele, que se encaixou perfeitamente na m\u00fasica, misturando a vibe sertaneja com funk\u201d, declarou Ariel.<\/p>\n\n\n\n<p>Na letra do single sensual, os artistas abordam uma desilus\u00e3o amorosa e uma reca\u00edda. Os versos transmitem uma mistura de decep\u00e7\u00e3o e desejo de encerrar essa situa\u00e7\u00e3o de uma vez por todas. \u201cQueremos transmitir uma mensagem de celebra\u00e7\u00e3o, amor e alegria. A m\u00fasica \u00e9 um convite para celebrar a vida e os momentos especiais, representando a diversidade musical que ambos trazemos\u201d, diz.<\/p>\n\n\n\n<p>Segundo Ariel, o processo de unir o funk e sertanejo contou com alguns desafios. \u201cEncontrar o equil\u00edbrio certo entre os elementos de ambos os g\u00eaneros foi um processo criativo interessante, e acredito que conseguimos criar algo aut\u00eantico que representa o melhor dos dois mundos\u201d, afirmou.<\/p>\n\n\n\n<p>Ansioso para disponibilizar a faixa, o artista revelou ter muitas expectativas com \u201cBuqu\u00ea de Flores\u201d. \u201cEspero que a m\u00fasica seja bem recebida pelo p\u00fablico, que as pessoas se divirtam e se identifiquem com a fus\u00e3o de estilos. Al\u00e9m disso, acredito que essa parceria com o Rafa Almeida abrir\u00e1 portas para mais colabora\u00e7\u00f5es inovadoras em meu repert\u00f3rio\u201d,&nbsp;declarou.<\/p>\n","protected":false},"excerpt":{"rendered":"<p>A fus\u00e3o \u00fanica de estilos promete agitar as pistas com um convite \u00e0 celebra\u00e7\u00e3o e alegria Nesta sexta-feira (24), o DJ e produtor Ariel B lan\u00e7a seu mais novo single em parceria com o cantor Rafa Almeida. A faixa intitulada \u201cBuqu\u00ea de Flores\u201d, interpretada pelo sertanejo, promete agitar o cen\u00e1rio com sua jun\u00e7\u00e3o \u00fanica de [&hellip;]<\/p>\n","protected":false},"author":1,"featured_media":1670,"comment_status":"open","ping_status":"open","sticky":false,"template":"","format":"standard","meta":{"footnotes":""},"categories":[27],"tags":[],"class_list":["post-1667","post","type-post","status-publish","format-standard","has-post-thumbnail","hentry","category-musica"],"_links":{"self":[{"href":"https:\/\/diarioparanaense.com\/index.php?rest_route=\/wp\/v2\/posts\/1667","targetHints":{"allow":["GET"]}}],"collection":[{"href":"https:\/\/diarioparanaense.com\/index.php?rest_route=\/wp\/v2\/posts"}],"about":[{"href":"https:\/\/diarioparanaense.com\/index.php?rest_route=\/wp\/v2\/types\/post"}],"author":[{"embeddable":true,"href":"https:\/\/diarioparanaense.com\/index.php?rest_route=\/wp\/v2\/users\/1"}],"replies":[{"embeddable":true,"href":"https:\/\/diarioparanaense.com\/index.php?rest_route=%2Fwp%2Fv2%2Fcomments&post=1667"}],"version-history":[{"count":2,"href":"https:\/\/diarioparanaense.com\/index.php?rest_route=\/wp\/v2\/posts\/1667\/revisions"}],"predecessor-version":[{"id":1672,"href":"https:\/\/diarioparanaense.com\/index.php?rest_route=\/wp\/v2\/posts\/1667\/revisions\/1672"}],"wp:featuredmedia":[{"embeddable":true,"href":"https:\/\/diarioparanaense.com\/index.php?rest_route=\/wp\/v2\/media\/1670"}],"wp:attachment":[{"href":"https:\/\/diarioparanaense.com\/index.php?rest_route=%2Fwp%2Fv2%2Fmedia&parent=1667"}],"wp:term":[{"taxonomy":"category","embeddable":true,"href":"https:\/\/diarioparanaense.com\/index.php?rest_route=%2Fwp%2Fv2%2Fcategories&post=1667"},{"taxonomy":"post_tag","embeddable":true,"href":"https:\/\/diarioparanaense.com\/index.php?rest_route=%2Fwp%2Fv2%2Ftags&post=1667"}],"curies":[{"name":"wp","href":"https:\/\/api.w.org\/{rel}","templated":true}]}}