{"id":1664,"date":"2023-11-24T11:23:28","date_gmt":"2023-11-24T14:23:28","guid":{"rendered":"https:\/\/diarioparanaense.com\/?p=1664"},"modified":"2023-11-24T11:23:29","modified_gmt":"2023-11-24T14:23:29","slug":"dia-de-doar-amigos-do-hc-aderem-a-movimento-global-que-incentiva-o-habito-da-doacao","status":"publish","type":"post","link":"https:\/\/diarioparanaense.com\/?p=1664","title":{"rendered":"Dia de Doar: Amigos do HC aderem a movimento global que incentiva o h\u00e1bito da doa\u00e7\u00e3o"},"content":{"rendered":"\n<p class=\"has-large-font-size\">A campanha mundial visa a conscientiza\u00e7\u00e3o sobre a import\u00e2ncia de doar<\/p>\n\n\n\n<p>O Dia de Doar aconteceu pela primeira vez nos Estados Unidos, em 2012, e faz parte de um movimento mundial chamado #GivingTuesday (ter\u00e7a-feira de doa\u00e7\u00e3o) que \u00e9 realizado na primeira ter\u00e7a-feira ap\u00f3s o Dia de A\u00e7\u00e3o de Gra\u00e7as, em uma resposta solid\u00e1ria \u00e0 Black Friday e \u00e0 Cyber Monday.<\/p>\n\n\n\n<p>No Brasil, a primeira edi\u00e7\u00e3o foi em 2013 e, logo no ano seguinte, o pa\u00eds entrou oficialmente no movimento global. Encampado pela Associa\u00e7\u00e3o dos Amigos do HC, o Dia de Doar visa estimular a doa\u00e7\u00e3o de pessoas f\u00edsicas, pessoas jur\u00eddicas e organiza\u00e7\u00f5es, fortalecendo o h\u00e1bito de doar como parte da vida cotidiana das pessoas.<\/p>\n\n\n\n<p>Seguindo o movimento, no dia 28 de novembro, ter\u00e7a-feira, os Amigos do HC promovem a a\u00e7\u00e3o de entrega e arrecada\u00e7\u00e3o de doa\u00e7\u00f5es na sede da associa\u00e7\u00e3o, localizada no Alto da Gl\u00f3ria.<\/p>\n\n\n\n<p>A institui\u00e7\u00e3o oferece v\u00e1rias formas de doa\u00e7\u00e3o que s\u00e3o destinadas aos programas ligados aos Amigos do HC, como o<br>CEDIVIDA, voltado para pessoas 50+, e o DEDICA, que beneficia crian\u00e7as e adolescentes. Al\u00e9m desses programas, a associa\u00e7\u00e3o apoia o Complexo Hospital de Cl\u00ednicas na revitaliza\u00e7\u00e3o do Hospital Victor Ferreira do Amaral, que ter\u00e1 atendimento especializado na sa\u00fade da mulher.<\/p>\n\n\n\n<p>No Dia de Doar, ser\u00e3o recebidas fraldas gen\u00e9ricas, produtos e kits de higiene pessoal, l\u00e3 e fios, que s\u00e3o transformadas em enxoval para beb\u00eas, e cabelos, que s\u00e3o utilizados na confec\u00e7\u00e3o de perucas para pacientes em tratamentos de sa\u00fade. Outras doa\u00e7\u00f5es, como Luz Solid\u00e1ria, Nota Paran\u00e1 e Nota Cuitibana, podem ser realizadas pelo site https:\/\/campanha.amigosdohc.org.br\/Dia-De-Doar.<\/p>\n\n\n\n<p>No local tamb\u00e9m haver\u00e1 pontos de coleta de lixo eletr\u00f4nico da Ecotrade, parceira dos Amigos do HC, em que poder\u00e3o ser descartadas pilhas, baterias, l\u00e2mpadas, dentre outras pe\u00e7as. Pe\u00e7as de roupas, sapatos e acess\u00f3rios podem ser doados para a loja da associa\u00e7\u00e3o.<\/p>\n\n\n\n<p>Para participar, basta levar os itens at\u00e9 a recep\u00e7\u00e3o da Associa\u00e7\u00e3o dos Amigos do HC, das 9h \u00e0s 17h, mesmo hor\u00e1rio de atendimento para quem for receber as doa\u00e7\u00f5es.<\/p>\n\n\n\n<p class=\"has-medium-font-size\">Servi\u00e7o:<\/p>\n\n\n\n<p><strong>Dia de Doar dos Amigos do HC<br>Data<\/strong>: 28 de novembro<br><strong>Hor\u00e1rio<\/strong>: das 9 \u00e0s 17h<br><strong>End<\/strong>: Av. Agostinho Le\u00e3o Jr., 336 \u2013 Alto da Gl\u00f3ria &#8211; Sede dos Amigos do HC<br><strong>Site<\/strong>: <a href=\"https:\/\/campanha.amigosdohc.org.br\/Dia-De-Doar\" target=\"_blank\" rel=\"noreferrer noopener\">https:\/\/campanha.amigosdohc.org.br\/Dia-De-Doar<\/a><\/p>\n","protected":false},"excerpt":{"rendered":"<p>A campanha mundial visa a conscientiza\u00e7\u00e3o sobre a import\u00e2ncia de doar O Dia de Doar aconteceu pela primeira vez nos Estados Unidos, em 2012, e faz parte de um movimento mundial chamado #GivingTuesday (ter\u00e7a-feira de doa\u00e7\u00e3o) que \u00e9 realizado na primeira ter\u00e7a-feira ap\u00f3s o Dia de A\u00e7\u00e3o de Gra\u00e7as, em uma resposta solid\u00e1ria \u00e0 Black [&hellip;]<\/p>\n","protected":false},"author":1,"featured_media":1665,"comment_status":"open","ping_status":"open","sticky":false,"template":"","format":"standard","meta":{"footnotes":""},"categories":[1],"tags":[],"class_list":["post-1664","post","type-post","status-publish","format-standard","has-post-thumbnail","hentry","category-sem-categoria"],"_links":{"self":[{"href":"https:\/\/diarioparanaense.com\/index.php?rest_route=\/wp\/v2\/posts\/1664","targetHints":{"allow":["GET"]}}],"collection":[{"href":"https:\/\/diarioparanaense.com\/index.php?rest_route=\/wp\/v2\/posts"}],"about":[{"href":"https:\/\/diarioparanaense.com\/index.php?rest_route=\/wp\/v2\/types\/post"}],"author":[{"embeddable":true,"href":"https:\/\/diarioparanaense.com\/index.php?rest_route=\/wp\/v2\/users\/1"}],"replies":[{"embeddable":true,"href":"https:\/\/diarioparanaense.com\/index.php?rest_route=%2Fwp%2Fv2%2Fcomments&post=1664"}],"version-history":[{"count":1,"href":"https:\/\/diarioparanaense.com\/index.php?rest_route=\/wp\/v2\/posts\/1664\/revisions"}],"predecessor-version":[{"id":1666,"href":"https:\/\/diarioparanaense.com\/index.php?rest_route=\/wp\/v2\/posts\/1664\/revisions\/1666"}],"wp:featuredmedia":[{"embeddable":true,"href":"https:\/\/diarioparanaense.com\/index.php?rest_route=\/wp\/v2\/media\/1665"}],"wp:attachment":[{"href":"https:\/\/diarioparanaense.com\/index.php?rest_route=%2Fwp%2Fv2%2Fmedia&parent=1664"}],"wp:term":[{"taxonomy":"category","embeddable":true,"href":"https:\/\/diarioparanaense.com\/index.php?rest_route=%2Fwp%2Fv2%2Fcategories&post=1664"},{"taxonomy":"post_tag","embeddable":true,"href":"https:\/\/diarioparanaense.com\/index.php?rest_route=%2Fwp%2Fv2%2Ftags&post=1664"}],"curies":[{"name":"wp","href":"https:\/\/api.w.org\/{rel}","templated":true}]}}