{"id":1651,"date":"2023-11-23T10:54:27","date_gmt":"2023-11-23T13:54:27","guid":{"rendered":"https:\/\/diarioparanaense.com\/?p=1651"},"modified":"2023-11-23T10:54:27","modified_gmt":"2023-11-23T13:54:27","slug":"como-a-prevencao-do-cancer-pode-evitar-o-pior","status":"publish","type":"post","link":"https:\/\/diarioparanaense.com\/?p=1651","title":{"rendered":"Como a preven\u00e7\u00e3o do c\u00e2ncer pode evitar o pior"},"content":{"rendered":"\n<blockquote class=\"wp-block-quote is-layout-flow wp-block-quote-is-layout-flow\">\n<p class=\"has-medium-font-size\">Alerta para sa\u00fade<\/p>\n<\/blockquote>\n\n\n\n<p class=\"has-medium-font-size\">Como a preven\u00e7\u00e3o do c\u00e2ncer pode evitar o pior<\/p>\n\n\n\n<p>O c\u00e2ncer \u00e9 uma das principais causas de morte em todo o mundo e a detec\u00e7\u00e3o precoce pode fazer toda a diferen\u00e7a no progn\u00f3stico. Nos est\u00e1gios iniciais, os sintomas e sinais podem ser sutis e facilmente ignorados.<\/p>\n\n\n\n<p>&#8220;No est\u00e1gio inicial, os sintomas de c\u00e2ncer podem incluir fadiga persistente, perda de peso inexplic\u00e1vel, mudan\u00e7as nos h\u00e1bitos intestinais ou urin\u00e1rios, sangramento anormal e feridas que n\u00e3o cicatrizam.&#8221; Diz o m\u00e9dico Dalmer Faria Freire.<\/p>\n\n\n\n<p>Pela nossa falta de cren\u00e7a que um dia isso ocorrer\u00e1 conosco, n\u00f3s acabamos ignorando esses pequenos sintomas avulsos, dando desculpas ou apenas aceitando como parte de nossas vidas, e \u00e9 exatamente a\u00ed que a situa\u00e7\u00e3o come\u00e7a a piorar.<\/p>\n\n\n\n<p>\u00c0 medida que o c\u00e2ncer progride, os sintomas tamb\u00e9m podem se intensificar. No est\u00e1gio intermedi\u00e1rio, os sinais de alerta podem incluir dor persistente, tosse cr\u00f4nica, dificuldade para engolir, incha\u00e7o anormal e altera\u00e7\u00f5es na pele. Neste momento eles s\u00e3o mais percept\u00edveis e \u00e9 necess\u00e1rio procurar ajuda m\u00e9dica.<\/p>\n\n\n\n<p>Consultas de rotina ajudam a evitar esse tipo de doen\u00e7a, mesmo que voc\u00ea n\u00e3o esteja sentindo nada ou como acontece muitas vezes, esteja sentindo mas escolhe ignorar, pois o m\u00e9dico poder\u00e1 identificar de forma precoce o c\u00e2ncer evitando complica\u00e7\u00f5es futuras.<\/p>\n\n\n\n<p>O c\u00e2ncer \u00e9 algo extremamente s\u00e9rio e n\u00e3o deve ser tratado de forma leviana. Para saber mais sobre seu pr\u00f3prio corpo e ajudar a descobrir quaisquer doen\u00e7as recomendamos que participe do evento Eleve-se, onde Dalmer Faria Freire e outros 9 palestrantes estar\u00e3o apresentando diversos t\u00f3picos relevantes para sua sa\u00fade e bem estar.<\/p>\n\n\n\n<p class=\"has-medium-font-size\">Caso se interesse compre o ingresso no link abaixo.<\/p>\n\n\n\n<p><strong>Servi\u00e7o<\/strong>: imers\u00e3o presencial sobre medicina integrativa<br>Transforma\u00e7\u00e3o de corpo, alma e esp\u00edrito em um \u00fanico evento!<br><strong>Datas<\/strong>: 25\/11 \u00e0s 19h<br>26\/11 das 8h \u00e0s 19h<br><a href=\"https:\/\/instagram.com\/jornada_eleve_se\/\" target=\"_blank\" rel=\"noreferrer noopener\">https:\/\/instagram.com\/jornada_eleve_se\/<br><\/a>Inscri\u00e7\u00e3o: <a href=\"https:\/\/www.jornadaeleve-se.com.br\/\" target=\"_blank\" rel=\"noreferrer noopener\">https:\/\/www.jornadaeleve-se.com.br\/<\/a><br><strong>Audit\u00f3rio Guilherme Stein Jr<br><\/strong>Rua: Lysimaco Ferreira da Costa, 980 \u2013 Centro C\u00edvico, Curitiba\/Pr<br><strong>atendimento@jornadaeleve-se.com.br<\/strong><\/p>\n","protected":false},"excerpt":{"rendered":"<p>Alerta para sa\u00fade Como a preven\u00e7\u00e3o do c\u00e2ncer pode evitar o pior O c\u00e2ncer \u00e9 uma das principais causas de morte em todo o mundo e a detec\u00e7\u00e3o precoce pode fazer toda a diferen\u00e7a no progn\u00f3stico. Nos est\u00e1gios iniciais, os sintomas e sinais podem ser sutis e facilmente ignorados. &#8220;No est\u00e1gio inicial, os sintomas de [&hellip;]<\/p>\n","protected":false},"author":1,"featured_media":1655,"comment_status":"open","ping_status":"open","sticky":false,"template":"","format":"standard","meta":{"footnotes":""},"categories":[164],"tags":[],"class_list":["post-1651","post","type-post","status-publish","format-standard","has-post-thumbnail","hentry","category-saude-2"],"_links":{"self":[{"href":"https:\/\/diarioparanaense.com\/index.php?rest_route=\/wp\/v2\/posts\/1651","targetHints":{"allow":["GET"]}}],"collection":[{"href":"https:\/\/diarioparanaense.com\/index.php?rest_route=\/wp\/v2\/posts"}],"about":[{"href":"https:\/\/diarioparanaense.com\/index.php?rest_route=\/wp\/v2\/types\/post"}],"author":[{"embeddable":true,"href":"https:\/\/diarioparanaense.com\/index.php?rest_route=\/wp\/v2\/users\/1"}],"replies":[{"embeddable":true,"href":"https:\/\/diarioparanaense.com\/index.php?rest_route=%2Fwp%2Fv2%2Fcomments&post=1651"}],"version-history":[{"count":1,"href":"https:\/\/diarioparanaense.com\/index.php?rest_route=\/wp\/v2\/posts\/1651\/revisions"}],"predecessor-version":[{"id":1656,"href":"https:\/\/diarioparanaense.com\/index.php?rest_route=\/wp\/v2\/posts\/1651\/revisions\/1656"}],"wp:featuredmedia":[{"embeddable":true,"href":"https:\/\/diarioparanaense.com\/index.php?rest_route=\/wp\/v2\/media\/1655"}],"wp:attachment":[{"href":"https:\/\/diarioparanaense.com\/index.php?rest_route=%2Fwp%2Fv2%2Fmedia&parent=1651"}],"wp:term":[{"taxonomy":"category","embeddable":true,"href":"https:\/\/diarioparanaense.com\/index.php?rest_route=%2Fwp%2Fv2%2Fcategories&post=1651"},{"taxonomy":"post_tag","embeddable":true,"href":"https:\/\/diarioparanaense.com\/index.php?rest_route=%2Fwp%2Fv2%2Ftags&post=1651"}],"curies":[{"name":"wp","href":"https:\/\/api.w.org\/{rel}","templated":true}]}}