{"id":1650,"date":"2023-11-23T10:52:57","date_gmt":"2023-11-23T13:52:57","guid":{"rendered":"https:\/\/diarioparanaense.com\/?p=1650"},"modified":"2023-11-23T10:57:54","modified_gmt":"2023-11-23T13:57:54","slug":"a-musica-como-terapia-como-extrair-o-maximo-disto","status":"publish","type":"post","link":"https:\/\/diarioparanaense.com\/?p=1650","title":{"rendered":"Eu e a m\u00fasica &#8211; um estilo de vida"},"content":{"rendered":"\n<p class=\"has-medium-font-size\">A m\u00fasica como terapia, como extrair o m\u00e1ximo disto<\/p>\n\n\n\n<p>A m\u00fasica \u00e9 uma express\u00e3o cultural que est\u00e1 presente na vida humana em todos os sentidos. Quer seja no contexto f\u00edsico, emocional, cultural, educacional , espiritual ou em outras \u00e1reas da vida.<\/p>\n\n\n\n<p>A m\u00fasica \u00e9 considerada uma ferramenta poderosa capaz de moldar nossa mente e influenciar no bem estar de nossa sa\u00fade, driblando o stress, dando a sensa\u00e7\u00e3o do bem-estar f\u00edsico, melhor produtividade, o que nos proporciona um estilo de vida saud\u00e1vel.<br>Para a Prof. Dulce Mery a m\u00fasica \u00e9 din\u00e2mica, capaz de se mover em todas as dire\u00e7\u00f5es.<br>A neuroci\u00eancia contempor\u00e2nea \u00e9 categ\u00f3rica ao afirmar que n\u00e3o existe mem\u00f3ria sem emo\u00e7\u00e3o, e ouvir m\u00fasica desperta emo\u00e7\u00f5es e lembran\u00e7as que podem ser caracterizadas como combust\u00edvel para o aprendizado,<br>criatividade, desenvolvimento cognitivo e motor.<br>A m\u00fasica tem o poder de afetar a vida das pessoas de diversas formas. De acordo com Plat\u00e3o \u201ca m\u00fasica molda a alma\u201d<\/p>\n\n\n\n<p>De acordo com a musicista Dulce Mery participante do evento Eleve-se &#8220;a m\u00fasica tem diversos efeitos ben\u00e9ficos na sa\u00fade f\u00edsica e mental.<br>A especialista tamb\u00e9m comenta &#8220;A m\u00fasica ajuda com a express\u00e3o corporal, permitindo que a pessoa se solte e possa se libertar junto ao ritmo&#8221;.<\/p>\n\n\n\n<p>Em resumo, a m\u00fasica faz parte de nossas vidas, e \u00e9 s\u00f3 uma quest\u00e3o de perspectiva para ver o qu\u00e3o efetiva ela pode ser em nossa sa\u00fade, caso tenha gostado do assunto a musicista Dulce Mery e outros 9 palestrantes estar\u00e3o compartilhando suas ideias e suas expertises no evento Eleve-se, caso se interesse compre o ingresso no link abaixo.<\/p>\n\n\n\n<p class=\"has-medium-font-size\">Servi\u00e7o: Eleve-se<\/p>\n\n\n\n<p>Imers\u00e3o presencial sobre medicina integrativa. Transforma\u00e7\u00e3o de corpo, alma e esp\u00edrito em um \u00fanico evento.<\/p>\n\n\n\n<p><strong>Datas<\/strong>: 25\/11 \u00e0s 19h<br>26\/11 das 8h \u00e0s 19h<\/p>\n\n\n\n<p><a href=\"https:\/\/instagram.com\/jornada_eleve_se\/\">https:\/\/instagram.com\/jornada_eleve_se\/<\/a><\/p>\n\n\n\n<p>atendimento@jornadaeleve-se.com.br<\/p>\n\n\n\n<p>Inscri\u00e7\u00e3o: <a href=\"https:\/\/www.jornadaeleve-se.com.br\/\" target=\"_blank\" rel=\"noreferrer noopener\">https:\/\/www.jornadaeleve-se.com.br\/<\/a><\/p>\n\n\n\n<p><strong>Local<\/strong>: Audit\u00f3rio Guilherme Stein Jr<br><strong>Rua<\/strong>: Lysimaco Ferreira da Costa, 980 \u2013 Centro C\u00edvico,&nbsp;Curitiba\/PR.<\/p>\n","protected":false},"excerpt":{"rendered":"<p>A m\u00fasica como terapia, como extrair o m\u00e1ximo disto A m\u00fasica \u00e9 uma express\u00e3o cultural que est\u00e1 presente na vida humana em todos os sentidos. Quer seja no contexto f\u00edsico, emocional, cultural, educacional , espiritual ou em outras \u00e1reas da vida. A m\u00fasica \u00e9 considerada uma ferramenta poderosa capaz de moldar nossa mente e influenciar [&hellip;]<\/p>\n","protected":false},"author":1,"featured_media":1653,"comment_status":"open","ping_status":"open","sticky":false,"template":"","format":"standard","meta":{"footnotes":""},"categories":[29],"tags":[],"class_list":["post-1650","post","type-post","status-publish","format-standard","has-post-thumbnail","hentry","category-artigos"],"_links":{"self":[{"href":"https:\/\/diarioparanaense.com\/index.php?rest_route=\/wp\/v2\/posts\/1650","targetHints":{"allow":["GET"]}}],"collection":[{"href":"https:\/\/diarioparanaense.com\/index.php?rest_route=\/wp\/v2\/posts"}],"about":[{"href":"https:\/\/diarioparanaense.com\/index.php?rest_route=\/wp\/v2\/types\/post"}],"author":[{"embeddable":true,"href":"https:\/\/diarioparanaense.com\/index.php?rest_route=\/wp\/v2\/users\/1"}],"replies":[{"embeddable":true,"href":"https:\/\/diarioparanaense.com\/index.php?rest_route=%2Fwp%2Fv2%2Fcomments&post=1650"}],"version-history":[{"count":2,"href":"https:\/\/diarioparanaense.com\/index.php?rest_route=\/wp\/v2\/posts\/1650\/revisions"}],"predecessor-version":[{"id":1659,"href":"https:\/\/diarioparanaense.com\/index.php?rest_route=\/wp\/v2\/posts\/1650\/revisions\/1659"}],"wp:featuredmedia":[{"embeddable":true,"href":"https:\/\/diarioparanaense.com\/index.php?rest_route=\/wp\/v2\/media\/1653"}],"wp:attachment":[{"href":"https:\/\/diarioparanaense.com\/index.php?rest_route=%2Fwp%2Fv2%2Fmedia&parent=1650"}],"wp:term":[{"taxonomy":"category","embeddable":true,"href":"https:\/\/diarioparanaense.com\/index.php?rest_route=%2Fwp%2Fv2%2Fcategories&post=1650"},{"taxonomy":"post_tag","embeddable":true,"href":"https:\/\/diarioparanaense.com\/index.php?rest_route=%2Fwp%2Fv2%2Ftags&post=1650"}],"curies":[{"name":"wp","href":"https:\/\/api.w.org\/{rel}","templated":true}]}}