{"id":1645,"date":"2023-11-22T16:16:03","date_gmt":"2023-11-22T19:16:03","guid":{"rendered":"https:\/\/diarioparanaense.com\/?p=1645"},"modified":"2023-11-22T16:16:51","modified_gmt":"2023-11-22T19:16:51","slug":"evaldo-dacheux-de-macedo-filho-assume-cadeira-na-academia-paranaense-de-medicina","status":"publish","type":"post","link":"https:\/\/diarioparanaense.com\/?p=1645","title":{"rendered":"Evaldo Dacheux de Macedo Filho assume cadeira na Academia Paranaense de Medicina"},"content":{"rendered":"\n<p class=\"has-medium-font-size\">Otorrinolaringologista do Hospital IPO foi empossado em solenidade realizada no \u00faltimo dia 21<\/p>\n\n\n\n<p>A Academia Paranaense de Medicina realizou, ontem (21), a solenidade de posse de Evaldo Dacheux de Macedo Filho, otorrinolaringologista do Hospital IPO e professor da Universidade Federal do Paran\u00e1 (UFPR). Outros dois novos acad\u00eamicos titulares tamb\u00e9m foram empossados: Paulo Afonso Nunes Nassif e Paulo Roberto Cruz Marquetti. A sess\u00e3o aconteceu na sede da Associa\u00e7\u00e3o M\u00e9dica do Paran\u00e1, em Curitiba.<\/p>\n\n\n\n<p>O evento contou com a introdu\u00e7\u00e3o de Marcos Mocellin, otorrinolaringologista e professor da UFPR, e a cerim\u00f4nia foi conduzida pelo presidente da Academia, Jurandir Marcondes Ribas Filho. O conselheiro e vice-presidente, Eduardo Baptistella, tamb\u00e9m participou como representante do Conselho Regional de Medicina do Estado do Paran\u00e1 (CRM-PR).<\/p>\n\n\n\n<p>\u201cH\u00e1 44 anos, a Academia foi constru\u00edda e ser indicado para ocupar uma cadeira \u00e9 uma honra e uma responsabilidade. Principalmente, porque os professores s\u00e3o o s\u00edmbolo, o futuro e a \u00e9tica da medicina\u201d, relata Macedo Filho.<\/p>\n\n\n\n<p>Para compor a Academia, \u00e9 necess\u00e1rio ser indicado por outros acad\u00eamicos, passar por uma vota\u00e7\u00e3o para, ent\u00e3o, ser eleito. Para a posse do otorrinolaringologista, a indica\u00e7\u00e3o partiu de Mocellin: \u201cfico muito contente por ver o doutor Evaldo, um acad\u00eamico que indiquei, ocupando uma cadeira e um espa\u00e7o dentro da Academia. Ainda mais, porque foi eleito e reconhecido de forma expressiva\u201d.<\/p>\n\n\n\n<p>Agora titular da cadeira 23, Macedo Filho homenageou os membros anteriores do t\u00edtulo: Jo\u00e3o C\u00e2ndido Ferreira, patrono da cadeira, e Jo\u00e3o C\u00e2ndido Ferreira da Cunha Pereira, acad\u00eamico fundador e em\u00e9rito. \u201cOs fundadores dessas cadeiras foram os meus professores, pessoas que ajudaram na nossa forma\u00e7\u00e3o m\u00e9dica. S\u00e3o os nossos mestres. Por isso, \u00e9 um momento muito honroso e quis trazer para viver comigo esse dia os meus familiares, amigos que a vida me deu e meus colegas do IPO\u201d,&nbsp;compartilha.<\/p>\n","protected":false},"excerpt":{"rendered":"<p>Otorrinolaringologista do Hospital IPO foi empossado em solenidade realizada no \u00faltimo dia 21 A Academia Paranaense de Medicina realizou, ontem (21), a solenidade de posse de Evaldo Dacheux de Macedo Filho, otorrinolaringologista do Hospital IPO e professor da Universidade Federal do Paran\u00e1 (UFPR). Outros dois novos acad\u00eamicos titulares tamb\u00e9m foram empossados: Paulo Afonso Nunes Nassif [&hellip;]<\/p>\n","protected":false},"author":1,"featured_media":1646,"comment_status":"open","ping_status":"open","sticky":false,"template":"","format":"standard","meta":{"footnotes":""},"categories":[29],"tags":[421],"class_list":["post-1645","post","type-post","status-publish","format-standard","has-post-thumbnail","hentry","category-artigos","tag-evaldo-dacheux-de-macedo-filho"],"_links":{"self":[{"href":"https:\/\/diarioparanaense.com\/index.php?rest_route=\/wp\/v2\/posts\/1645","targetHints":{"allow":["GET"]}}],"collection":[{"href":"https:\/\/diarioparanaense.com\/index.php?rest_route=\/wp\/v2\/posts"}],"about":[{"href":"https:\/\/diarioparanaense.com\/index.php?rest_route=\/wp\/v2\/types\/post"}],"author":[{"embeddable":true,"href":"https:\/\/diarioparanaense.com\/index.php?rest_route=\/wp\/v2\/users\/1"}],"replies":[{"embeddable":true,"href":"https:\/\/diarioparanaense.com\/index.php?rest_route=%2Fwp%2Fv2%2Fcomments&post=1645"}],"version-history":[{"count":2,"href":"https:\/\/diarioparanaense.com\/index.php?rest_route=\/wp\/v2\/posts\/1645\/revisions"}],"predecessor-version":[{"id":1649,"href":"https:\/\/diarioparanaense.com\/index.php?rest_route=\/wp\/v2\/posts\/1645\/revisions\/1649"}],"wp:featuredmedia":[{"embeddable":true,"href":"https:\/\/diarioparanaense.com\/index.php?rest_route=\/wp\/v2\/media\/1646"}],"wp:attachment":[{"href":"https:\/\/diarioparanaense.com\/index.php?rest_route=%2Fwp%2Fv2%2Fmedia&parent=1645"}],"wp:term":[{"taxonomy":"category","embeddable":true,"href":"https:\/\/diarioparanaense.com\/index.php?rest_route=%2Fwp%2Fv2%2Fcategories&post=1645"},{"taxonomy":"post_tag","embeddable":true,"href":"https:\/\/diarioparanaense.com\/index.php?rest_route=%2Fwp%2Fv2%2Ftags&post=1645"}],"curies":[{"name":"wp","href":"https:\/\/api.w.org\/{rel}","templated":true}]}}