{"id":1635,"date":"2023-11-22T15:24:35","date_gmt":"2023-11-22T18:24:35","guid":{"rendered":"https:\/\/diarioparanaense.com\/?p=1635"},"modified":"2023-11-22T15:25:04","modified_gmt":"2023-11-22T18:25:04","slug":"bruno-gadiol-encerra-era-jovem-com-o-projeto-deluxe","status":"publish","type":"post","link":"https:\/\/diarioparanaense.com\/?p=1635","title":{"rendered":"Bruno Gadiol encerra era \u201cJOVEM\u201d com o projeto Deluxe"},"content":{"rendered":"\n<blockquote class=\"wp-block-quote is-layout-flow wp-block-quote-is-layout-flow\">\n<p>Nova vers\u00e3o conta com participa\u00e7\u00f5es de grandes nomes, como Grag Queen, TINN e revela faixa in\u00e9dita com a cantora Ananda.<\/p>\n<\/blockquote>\n\n\n\n<p>Pr\u00e9-save: <a href=\"https:\/\/umg.headmedia.com.br\/jovemdeluxe\" target=\"_blank\" rel=\"noreferrer noopener\">https:\/\/umg.headmedia.com.br\/jovemdeluxe<\/a><\/p>\n\n\n\n<p>Grande nome do pop nacional, Bruno Gadiol encerra os lan\u00e7amentos do ano com uma vers\u00e3o exclusiva de seu \u00e1lbum, &#8220;JOVEM&#8221;. O projeto, agora recebe atualiza\u00e7\u00e3o com um Deluxe, que traz 3 faixas in\u00e9ditas para o trabalho. &#8220;JOVEM (DELUXE)&#8221; chega \u00e0s plataformas nesta quinta-feira, dia 23, \u00e0s 21h, impulsionando a in\u00e9dita &#8220;colorida&#8221;, faixa que conta com participa\u00e7\u00e3o da cantora Ananda.<\/p>\n\n\n\n<p>Em &#8220;JOVEM&#8221;, Bruno Gadiol fala sobre as diferentes nuances do amadurecimento, trazendo um olhar pessoal sobre o processo de liberta\u00e7\u00e3o e possibilidades, at\u00e9 a sombria parte da vida de um jovem adulto.<\/p>\n\n\n\n<p>&#8220;Encerrar a era &#8216;JOVEM&#8217; \u00e9 muito importante para mim, porque nesse trabalho eu exploro as minhas vulnerabilidades, desde os momentos de liberta\u00e7\u00e3o aos de introspec\u00e7\u00e3o, levando em considera\u00e7\u00e3o todos os meus sentimentos&#8221;, explica Bruno.<\/p>\n\n\n\n<p>&#8220;Resolvi chamar a Ananda para o projeto, porque \u00e9 uma artista com quem sempre quis colaborar. Acompanho o trabalho dela faz tempo e esta faixa mostra um lado diferente nosso&#8221;, compartilha.<\/p>\n\n\n\n<p>&#8220;colorida&#8221; \u00e9 a \u00faltima faixa deste novo momento do \u00e1lbum &#8220;JOVEM&#8221;, que revelou ainda outras duas colabora\u00e7\u00f5es: &#8220;s\u00f3 sei me apaixonar&#8221;, em parceria com TINN; e &#8220;f:)da-se&#8221;, com Grag Queen.<\/p>\n\n\n\n<p>&#8220;Acho que \u00e9 uma forma de realmente encerrar esta era com chave de ouro. Nesse projeto, eu exploro o Bruno em sua ess\u00eancia, trazendo \u00e0 tona diversos sentimentos e sensa\u00e7\u00f5es que pairam em minha mente todos os dias&#8221;, acrescenta.<\/p>\n\n\n\n<p>O \u00e1lbum &#8220;JOVEM (Deluxe)&#8221; \u00e9 uma celebra\u00e7\u00e3o do talento de Bruno Gadiol e uma prova de seu compromisso com a m\u00fasica pop. Com influ\u00eancias que abrangem o pop brasileiro e internacional, o \u00e1lbum oferece uma mistura envolvente de melodias e letras emocionais que ressoam com seu p\u00fablico. Com 16 faixas ao todo, este trabalho \u00e9 uma jornada musical completa que oferece aos ouvintes uma vis\u00e3o \u00fanica do talento de Bruno Gadiol.<\/p>\n\n\n\n<p>Os pr\u00f3ximos passos da carreira de Bruno Gadiol incluem shows ao vivo com coreografias &#8211; trazendo um show mais dan\u00e7ante, colabora\u00e7\u00f5es na ind\u00fastria da publicidade, projetos em s\u00e9ries e o in\u00edcio de uma nova era na m\u00fasica. Com sua impressionante carreira at\u00e9 agora, os f\u00e3s podem esperar mais emo\u00e7\u00f5es e sucessos do artista.<\/p>\n\n\n\n<p class=\"has-medium-font-size\">Sobre Bruno Gadiol<\/p>\n\n\n\n<p>Nascido em S\u00e3o Paulo, no dia 6 de junho de 1998, Bruno Gadiol \u00e9 um geminiano multitalentoso que acumula trabalhos na m\u00fasica e no audiovisual.<\/p>\n\n\n\n<p>Seu \u00e1lbum de estreia JOVEM, chegou ao mundo em 2023, no dia do seu anivers\u00e1rio, trazendo can\u00e7\u00f5es pop e o colocando como uma grande aposta no g\u00eanero.<\/p>\n\n\n\n<p>O artista tamb\u00e9m \u00e9 conhecido por seus trabalhos como ator em Malha\u00e7\u00e3o (Globo), As Five (GloboPlay) e Sintonia (Netflix). E, em breve, estar\u00e1 na nova s\u00e9rie LUZ (Netflix) e tamb\u00e9m na pr\u00f3xima temporada de De volta aos 15 (Netflix).<\/p>\n\n\n\n<p>Desde 2022, Bruno Gadiol vem apresentando as novidades de sua era &#8220;JOVEM&#8221;, que conta com singles como &#8220;Anestesiado&#8221; e &#8220;INTERESSANTE&#8221;, ao lado de Carol Biazin.<\/p>\n\n\n\n<p>Recentemente, o artista revelou tamb\u00e9m a faixa &#8220;S\u00f3 Sei Me Apaixonar&#8221;, primeiro single do \u00e1lbum &#8220;JOVEM (DELUXE)&#8221;, em parceria com TINN. E agora se prepara para o lan\u00e7amento das pr\u00f3ximas duas can\u00e7\u00f5es que integram a nova vers\u00e3o, trazendo o single \u201cf:)da-se\u201d ao lado de Grag Queen e \u201cCOLORIDA\u201d com Ananda.<\/p>\n\n\n\n<p>Para os pr\u00f3ximos passos, Gadiol planeja iniciar uma agenda de shows pelo Brasil para se conectar ainda mais com seus f\u00e3s, os gadiolers, e divulgar seu disco&nbsp;de&nbsp;estreia.<\/p>\n","protected":false},"excerpt":{"rendered":"<p>Nova vers\u00e3o conta com participa\u00e7\u00f5es de grandes nomes, como Grag Queen, TINN e revela faixa in\u00e9dita com a cantora Ananda. Pr\u00e9-save: https:\/\/umg.headmedia.com.br\/jovemdeluxe Grande nome do pop nacional, Bruno Gadiol encerra os lan\u00e7amentos do ano com uma vers\u00e3o exclusiva de seu \u00e1lbum, &#8220;JOVEM&#8221;. O projeto, agora recebe atualiza\u00e7\u00e3o com um Deluxe, que traz 3 faixas in\u00e9ditas [&hellip;]<\/p>\n","protected":false},"author":1,"featured_media":1642,"comment_status":"open","ping_status":"open","sticky":false,"template":"","format":"standard","meta":{"footnotes":""},"categories":[27],"tags":[74],"class_list":["post-1635","post","type-post","status-publish","format-standard","has-post-thumbnail","hentry","category-musica","tag-bruno-gadiol"],"_links":{"self":[{"href":"https:\/\/diarioparanaense.com\/index.php?rest_route=\/wp\/v2\/posts\/1635","targetHints":{"allow":["GET"]}}],"collection":[{"href":"https:\/\/diarioparanaense.com\/index.php?rest_route=\/wp\/v2\/posts"}],"about":[{"href":"https:\/\/diarioparanaense.com\/index.php?rest_route=\/wp\/v2\/types\/post"}],"author":[{"embeddable":true,"href":"https:\/\/diarioparanaense.com\/index.php?rest_route=\/wp\/v2\/users\/1"}],"replies":[{"embeddable":true,"href":"https:\/\/diarioparanaense.com\/index.php?rest_route=%2Fwp%2Fv2%2Fcomments&post=1635"}],"version-history":[{"count":1,"href":"https:\/\/diarioparanaense.com\/index.php?rest_route=\/wp\/v2\/posts\/1635\/revisions"}],"predecessor-version":[{"id":1641,"href":"https:\/\/diarioparanaense.com\/index.php?rest_route=\/wp\/v2\/posts\/1635\/revisions\/1641"}],"wp:featuredmedia":[{"embeddable":true,"href":"https:\/\/diarioparanaense.com\/index.php?rest_route=\/wp\/v2\/media\/1642"}],"wp:attachment":[{"href":"https:\/\/diarioparanaense.com\/index.php?rest_route=%2Fwp%2Fv2%2Fmedia&parent=1635"}],"wp:term":[{"taxonomy":"category","embeddable":true,"href":"https:\/\/diarioparanaense.com\/index.php?rest_route=%2Fwp%2Fv2%2Fcategories&post=1635"},{"taxonomy":"post_tag","embeddable":true,"href":"https:\/\/diarioparanaense.com\/index.php?rest_route=%2Fwp%2Fv2%2Ftags&post=1635"}],"curies":[{"name":"wp","href":"https:\/\/api.w.org\/{rel}","templated":true}]}}