{"id":1623,"date":"2023-11-21T16:08:46","date_gmt":"2023-11-21T19:08:46","guid":{"rendered":"https:\/\/diarioparanaense.com\/?p=1623"},"modified":"2023-11-21T16:08:47","modified_gmt":"2023-11-21T19:08:47","slug":"escola-atuacao-promove-acao-anual-pela-sustentabilidade","status":"publish","type":"post","link":"https:\/\/diarioparanaense.com\/?p=1623","title":{"rendered":"Escola Atua\u00e7\u00e3o promove a\u00e7\u00e3o anual pela sustentabilidade"},"content":{"rendered":"\n<p class=\"has-medium-font-size\">Reciclagem e compostagem s\u00e3o o foco do projeto de conscientiza\u00e7\u00e3o para os estudantes<\/p>\n\n\n\n<p>Para levar a responsabilidade ambiental e a import\u00e2ncia da reciclagem para dentro do ambiente escolar, a Escola Atua\u00e7\u00e3o realiza, desde o in\u00edcio do ano letivo, o projeto de arrecada\u00e7\u00e3o de produtos recicl\u00e1veis e de compostagem com as turmas das duas unidades, do Boqueir\u00e3o e de Santa Quit\u00e9ria.<\/p>\n\n\n\n<p>Ao todo, as turmas conseguiram arrecadar, 4.388 kg de papel, 7.560 pratinhos de isopor, 8.176 garrafas de vidros, 19.545 latas de alum\u00ednio e 55.640 de garrafa PET. Os recolhimentos, realizados a cada 15 dias, foram finalizados em novembro para o fechamento e an\u00e1lise dos resultados do projeto.<\/p>\n\n\n\n<p>A diretora e pedagoga da Escola Atua\u00e7\u00e3o, Esther Cristina Pereira, conta que o ambiente escolar \u00e9 muito prop\u00edcio para a realiza\u00e7\u00e3o da coleta seletiva: \u201caqui, n\u00f3s podemos destinar os res\u00edduos de forma adequada. Por exemplo, o isopor deve ser levado \u00e0 \u00fanica empresa que aceita o material na cidade, o Ecocidad\u00e3o\u201d. A pedagoga enfatiza, ainda, a import\u00e2ncia da a\u00e7\u00e3o para ensinar aos estudantes a responsabilidade ambiental e a import\u00e2ncia da reciclagem para construir um mundo melhor.<\/p>\n\n\n\n<p>Al\u00e9m da reciclagem, a iniciativa abrange tamb\u00e9m a conscientiza\u00e7\u00e3o e o est\u00edmulo \u00e0 redu\u00e7\u00e3o do desperd\u00edcio de alimentos na escola. Durante o ano, a produ\u00e7\u00e3o e o consumo no refeit\u00f3rio geraram 21 toneladas de restos de comidas e 49 toneladas de cascas de frutas e verduras. Com o projeto, as 70 toneladas se transformaram em alimento para os animais da Esta\u00e7\u00e3o Ecol\u00f3gica e, futuramente, se tornar\u00e3o adubo.<\/p>\n\n\n\n<p>\u201cAs crian\u00e7as se empenharam e queriam fazer o m\u00e1ximo que podiam. Essas a\u00e7\u00f5es para arrecadar o lixo recicl\u00e1vel e para combater o desperd\u00edcio s\u00e3o importantes para promover a consci\u00eancia da destina\u00e7\u00e3o correta, de aplicar isso em casa, de transformar o conceito em ideias criativas para trabalhar a sustentabilidade e a compostagem\u201d, conta a professora Tathiane Gubert, que coordena o projeto.<\/p>\n\n\n\n<p>As turmas que mais arrecadaram garrafas PET, vidros e isopor ganharam um caf\u00e9 da manh\u00e3. J\u00e1 os estudantes do quarto ano, realizaram um desfile de roupas feitas a partir do material reciclado, enquanto os vencedores da arrecada\u00e7\u00e3o das latas de alum\u00ednio puderam saborear uma pizza com uma pessoa da fam\u00edlia&nbsp;na&nbsp;escola.<\/p>\n","protected":false},"excerpt":{"rendered":"<p>Reciclagem e compostagem s\u00e3o o foco do projeto de conscientiza\u00e7\u00e3o para os estudantes Para levar a responsabilidade ambiental e a import\u00e2ncia da reciclagem para dentro do ambiente escolar, a Escola Atua\u00e7\u00e3o realiza, desde o in\u00edcio do ano letivo, o projeto de arrecada\u00e7\u00e3o de produtos recicl\u00e1veis e de compostagem com as turmas das duas unidades, do [&hellip;]<\/p>\n","protected":false},"author":1,"featured_media":1624,"comment_status":"open","ping_status":"open","sticky":false,"template":"","format":"standard","meta":{"footnotes":""},"categories":[148],"tags":[263],"class_list":["post-1623","post","type-post","status-publish","format-standard","has-post-thumbnail","hentry","category-educacao","tag-escola-atuacao"],"_links":{"self":[{"href":"https:\/\/diarioparanaense.com\/index.php?rest_route=\/wp\/v2\/posts\/1623","targetHints":{"allow":["GET"]}}],"collection":[{"href":"https:\/\/diarioparanaense.com\/index.php?rest_route=\/wp\/v2\/posts"}],"about":[{"href":"https:\/\/diarioparanaense.com\/index.php?rest_route=\/wp\/v2\/types\/post"}],"author":[{"embeddable":true,"href":"https:\/\/diarioparanaense.com\/index.php?rest_route=\/wp\/v2\/users\/1"}],"replies":[{"embeddable":true,"href":"https:\/\/diarioparanaense.com\/index.php?rest_route=%2Fwp%2Fv2%2Fcomments&post=1623"}],"version-history":[{"count":1,"href":"https:\/\/diarioparanaense.com\/index.php?rest_route=\/wp\/v2\/posts\/1623\/revisions"}],"predecessor-version":[{"id":1625,"href":"https:\/\/diarioparanaense.com\/index.php?rest_route=\/wp\/v2\/posts\/1623\/revisions\/1625"}],"wp:featuredmedia":[{"embeddable":true,"href":"https:\/\/diarioparanaense.com\/index.php?rest_route=\/wp\/v2\/media\/1624"}],"wp:attachment":[{"href":"https:\/\/diarioparanaense.com\/index.php?rest_route=%2Fwp%2Fv2%2Fmedia&parent=1623"}],"wp:term":[{"taxonomy":"category","embeddable":true,"href":"https:\/\/diarioparanaense.com\/index.php?rest_route=%2Fwp%2Fv2%2Fcategories&post=1623"},{"taxonomy":"post_tag","embeddable":true,"href":"https:\/\/diarioparanaense.com\/index.php?rest_route=%2Fwp%2Fv2%2Ftags&post=1623"}],"curies":[{"name":"wp","href":"https:\/\/api.w.org\/{rel}","templated":true}]}}