{"id":1618,"date":"2023-11-21T14:14:21","date_gmt":"2023-11-21T17:14:21","guid":{"rendered":"https:\/\/diarioparanaense.com\/?p=1618"},"modified":"2023-11-21T14:14:21","modified_gmt":"2023-11-21T17:14:21","slug":"clube-curitibano-conquista-a-taca-parana-de-futsal-na-categoria-sub-13","status":"publish","type":"post","link":"https:\/\/diarioparanaense.com\/?p=1618","title":{"rendered":"Clube Curitibano conquista a Ta\u00e7a Paran\u00e1 de Futsal na categoria sub-13"},"content":{"rendered":"\n<p class=\"has-medium-font-size\">O sexto t\u00edtulo do Clube na competi\u00e7\u00e3o estadual conquistado com vit\u00f3ria sobre o Athletico Paranaense<\/p>\n\n\n\n<p>O Clube Curitibano venceu por 7 a 2 o Athletico Paranaense no \u00faltimo domingo (19) e foi campe\u00e3o da Ta\u00e7a Paran\u00e1 de Futsal na categoria sub-13. O t\u00edtulo foi conquistado no gin\u00e1sio do Clube e foi a sexta conquista da equipe dirigida pelo t\u00e9cnico Diego Cebolla.<\/p>\n\n\n\n<p>&#8220;\u00c9 um esfor\u00e7o tanto da nossa parte como comiss\u00e3o t\u00e9cnica quanto dos pr\u00f3prios atletas, e vemos isso a cada ano com a cada vit\u00f3ria. Esse trabalho em conjunto faz com que o time cres\u00e7a e aprenda, e \u00e9 muito gratificante\u201d, declarou o treinador.<\/p>\n\n\n\n<p>Al\u00e9m do t\u00edtulo, o elenco do Clube Curitibano ainda recebeu premia\u00e7\u00f5es individuais na competi\u00e7\u00e3o: Luca Casagrande Nunes foi artilheiro da competi\u00e7\u00e3o ao lado de Jos\u00e9 Henrique Gomes (do Athletico Paranaense) com ambos marcando 28 gols. J\u00e1 os goleiros Tiago Saber e Vitor Hugo Siqueira receberam pr\u00eamios como melhores goleiros.<\/p>\n\n\n\n<p>A campanha do Clube Curitibano at\u00e9 a final teve duelos contra ACGF, Medianeira e HOPE na fase de grupos e vit\u00f3ria por 2 a 1 contra o Coritiba Nikkei FT10&nbsp;nas&nbsp;semifinais.<\/p>\n","protected":false},"excerpt":{"rendered":"<p>O sexto t\u00edtulo do Clube na competi\u00e7\u00e3o estadual conquistado com vit\u00f3ria sobre o Athletico Paranaense O Clube Curitibano venceu por 7 a 2 o Athletico Paranaense no \u00faltimo domingo (19) e foi campe\u00e3o da Ta\u00e7a Paran\u00e1 de Futsal na categoria sub-13. O t\u00edtulo foi conquistado no gin\u00e1sio do Clube e foi a sexta conquista da [&hellip;]<\/p>\n","protected":false},"author":1,"featured_media":1619,"comment_status":"open","ping_status":"open","sticky":false,"template":"","format":"standard","meta":{"footnotes":""},"categories":[159],"tags":[232],"class_list":["post-1618","post","type-post","status-publish","format-standard","has-post-thumbnail","hentry","category-esportes","tag-clube-curitibano"],"_links":{"self":[{"href":"https:\/\/diarioparanaense.com\/index.php?rest_route=\/wp\/v2\/posts\/1618","targetHints":{"allow":["GET"]}}],"collection":[{"href":"https:\/\/diarioparanaense.com\/index.php?rest_route=\/wp\/v2\/posts"}],"about":[{"href":"https:\/\/diarioparanaense.com\/index.php?rest_route=\/wp\/v2\/types\/post"}],"author":[{"embeddable":true,"href":"https:\/\/diarioparanaense.com\/index.php?rest_route=\/wp\/v2\/users\/1"}],"replies":[{"embeddable":true,"href":"https:\/\/diarioparanaense.com\/index.php?rest_route=%2Fwp%2Fv2%2Fcomments&post=1618"}],"version-history":[{"count":1,"href":"https:\/\/diarioparanaense.com\/index.php?rest_route=\/wp\/v2\/posts\/1618\/revisions"}],"predecessor-version":[{"id":1620,"href":"https:\/\/diarioparanaense.com\/index.php?rest_route=\/wp\/v2\/posts\/1618\/revisions\/1620"}],"wp:featuredmedia":[{"embeddable":true,"href":"https:\/\/diarioparanaense.com\/index.php?rest_route=\/wp\/v2\/media\/1619"}],"wp:attachment":[{"href":"https:\/\/diarioparanaense.com\/index.php?rest_route=%2Fwp%2Fv2%2Fmedia&parent=1618"}],"wp:term":[{"taxonomy":"category","embeddable":true,"href":"https:\/\/diarioparanaense.com\/index.php?rest_route=%2Fwp%2Fv2%2Fcategories&post=1618"},{"taxonomy":"post_tag","embeddable":true,"href":"https:\/\/diarioparanaense.com\/index.php?rest_route=%2Fwp%2Fv2%2Ftags&post=1618"}],"curies":[{"name":"wp","href":"https:\/\/api.w.org\/{rel}","templated":true}]}}