{"id":1615,"date":"2023-11-21T14:17:46","date_gmt":"2023-11-21T17:17:46","guid":{"rendered":"https:\/\/diarioparanaense.com\/?p=1615"},"modified":"2023-11-21T14:18:46","modified_gmt":"2023-11-21T17:18:46","slug":"cuidados-paliativos-e-caixa-de-memorias-a-importancia-de-preservar-a-biografia-dos-entes-queridos-por-meio-de-objetos-de-valor-afetivo","status":"publish","type":"post","link":"https:\/\/diarioparanaense.com\/?p=1615","title":{"rendered":"Cuidados paliativos e Caixa de Mem\u00f3rias: a import\u00e2ncia de preservar a biografia dos entes queridos por meio de objetos de valor afetivo"},"content":{"rendered":"\n<p class=\"has-medium-font-size\"><em>Os pertences de pacientes s\u00e3o entregues \u00e0s fam\u00edlias enlutadas como forma de preservar a sua biografia por meio da ressignifica\u00e7\u00e3o ao lidar com a morte<\/em><\/p>\n\n\n\n<p>Um dos diferenciais da YUNA \u00e9 a abordagem transdisciplinar para os cuidados paliativos. Uma equipe especializada de profissionais de sa\u00fade, incluindo m\u00e9dicos, enfermeiros, assistentes sociais, psic\u00f3logos, fisioterapeutas, fonoaudi\u00f3logos, terapeutas ocupacionais, entre outros, acompanha toda a trajet\u00f3ria do paciente.<\/p>\n\n\n\n<p>\u201cA abordagem deve priorizar a humaniza\u00e7\u00e3o do atendimento, buscando aliviar a dor e minimizar os impactos psicol\u00f3gicos\u201d, explica Gracy Kelly da Silva Oliveira, psic\u00f3loga da YUNA.&nbsp; Contudo, \u201co foco principal \u00e9 proporcionar dias melhores para cada paciente. Para isso, o trabalho se volta para a qualidade de vida e o seu conforto do paciente, conforme suas escolhas e desejos, at\u00e9 o \u00faltimo momento\u201d.<\/p>\n\n\n\n<p>O luto \u00e9 um processo emocional de adapta\u00e7\u00e3o individual que ocorre a partir de uma perda significativa. Nesse momento s\u00e3o vivenciados sentimentos de dor, ang\u00fastia e desesperan\u00e7a ao lidar com a aus\u00eancia do ente querido.<\/p>\n\n\n\n<p>Com o intuito de preservar a biografia dessa pessoa, as institui\u00e7\u00f5es de transi\u00e7\u00e3o e cuidados paliativos, como a YUNA, utilizam a <em>Caixa de Mem\u00f3rias<\/em> como valiosa ferramenta. &nbsp;<\/p>\n\n\n\n<p>A <em>Caixa de Mem\u00f3rias<\/em> re\u00fane os pertences com valor afetivo, como fotos, rel\u00f3gio, celular, livros, perfumes e cartas, por exemplo, de forma mais humanizada, que s\u00e3o entregues aos familiares enlutados, potencializando o valor afetivo dos objetos, transformando a experi\u00eancia da perda e favorecendo a elabora\u00e7\u00e3o atrav\u00e9s do cuidado. Essa a\u00e7\u00e3o s\u00f3 \u00e9 realizada mediante a valida\u00e7\u00e3o da fam\u00edlia, que seleciona os objetos mais marcantes ou significativos para a pessoa.<\/p>\n\n\n\n<p>Al\u00e9m dos pertences, a caixa \u00e9 entregue \u00e0 fam\u00edlia com uma mensagem, para atender a demanda emocional de acolhimento aos familiares, gerando identifica\u00e7\u00e3o e significa\u00e7\u00e3o do sofrimento para al\u00e9m da institui\u00e7\u00e3o de sa\u00fade.<em><\/em><\/p>\n\n\n\n<p>\u201cGeralmente, os pertences s\u00e3o entregues em sacolas, muitas vezes passando uma imagem distante e nada afetuosa do cuidado, o que contribui como um dificultador da elabora\u00e7\u00e3o da perda e um simb\u00f3lico negativo ao luto, uma vez que \u00e9 um processo individual j\u00e1 doloroso das lembran\u00e7as do ente querido\u201d, esclarece Gracy Kelly da Silva Oliveira, psic\u00f3loga da YUNA. &nbsp;<\/p>\n\n\n\n<p>De acordo com a psic\u00f3loga, a <em>Caixa <\/em><em>de Mem\u00f3rias<\/em> \u00e9 uma forma de favorecer a reorganiza\u00e7\u00e3o emocional, por meio dos sentimentos positivos representados pelo carinho e cuidado disposto aos pertences, usando do suporte hospitalar ofertado nos \u00faltimos cuidados como valida\u00e7\u00e3o das necessidades supridas e a valoriza\u00e7\u00e3o da dignidade para al\u00e9m da vida.<\/p>\n\n\n\n<p>\u201c\u00c9 fundamental para o enlutado o desenvolvimento de estrat\u00e9gias que deem novo sentido ao momento do luto. Por meio da valida\u00e7\u00e3o do seu relacionamento com o ente querido ser\u00e1 poss\u00edvel acolher o sujeito no momento vivenciado. A <em>Caixa de Mem\u00f3rias<\/em> d\u00e1 in\u00edcio a uma ressignifica\u00e7\u00e3o ao lidar com a morte. \u00c9 entregue aos familiares durante uma conversa respeitosa, estimulando que sejam guardados o que for especial e significativo emocionalmente daquele v\u00ednculo, fortalecendo as mem\u00f3rias afetivas\u201d, completa a psic\u00f3loga.<\/p>\n\n\n\n<p><strong>Sobre a YUNA<\/strong><\/p>\n\n\n\n<p>A YUNA, especializada em transi\u00e7\u00e3o de cuidados, oferece suporte completo para pacientes de reabilita\u00e7\u00e3o, cuidados paliativos e continuados, atendimento individualizado e assist\u00eancia transdisciplinar. Mais informa\u00e7\u00f5es no telefone (11) 3087-3800 ou no site&nbsp; <a href=\"https:\/\/yuna.com.br\/\">https:\/\/yuna.com.br\/<\/a>.<\/p>\n","protected":false},"excerpt":{"rendered":"<p>Os pertences de pacientes s\u00e3o entregues \u00e0s fam\u00edlias enlutadas como forma de preservar a sua biografia por meio da ressignifica\u00e7\u00e3o ao lidar com a morte Um dos diferenciais da YUNA \u00e9 a abordagem transdisciplinar para os cuidados paliativos. Uma equipe especializada de profissionais de sa\u00fade, incluindo m\u00e9dicos, enfermeiros, assistentes sociais, psic\u00f3logos, fisioterapeutas, fonoaudi\u00f3logos, terapeutas ocupacionais, [&hellip;]<\/p>\n","protected":false},"author":1,"featured_media":1622,"comment_status":"open","ping_status":"open","sticky":false,"template":"","format":"standard","meta":{"footnotes":""},"categories":[29,21],"tags":[165],"class_list":["post-1615","post","type-post","status-publish","format-standard","has-post-thumbnail","hentry","category-artigos","category-news","tag-yuna"],"_links":{"self":[{"href":"https:\/\/diarioparanaense.com\/index.php?rest_route=\/wp\/v2\/posts\/1615","targetHints":{"allow":["GET"]}}],"collection":[{"href":"https:\/\/diarioparanaense.com\/index.php?rest_route=\/wp\/v2\/posts"}],"about":[{"href":"https:\/\/diarioparanaense.com\/index.php?rest_route=\/wp\/v2\/types\/post"}],"author":[{"embeddable":true,"href":"https:\/\/diarioparanaense.com\/index.php?rest_route=\/wp\/v2\/users\/1"}],"replies":[{"embeddable":true,"href":"https:\/\/diarioparanaense.com\/index.php?rest_route=%2Fwp%2Fv2%2Fcomments&post=1615"}],"version-history":[{"count":1,"href":"https:\/\/diarioparanaense.com\/index.php?rest_route=\/wp\/v2\/posts\/1615\/revisions"}],"predecessor-version":[{"id":1617,"href":"https:\/\/diarioparanaense.com\/index.php?rest_route=\/wp\/v2\/posts\/1615\/revisions\/1617"}],"wp:featuredmedia":[{"embeddable":true,"href":"https:\/\/diarioparanaense.com\/index.php?rest_route=\/wp\/v2\/media\/1622"}],"wp:attachment":[{"href":"https:\/\/diarioparanaense.com\/index.php?rest_route=%2Fwp%2Fv2%2Fmedia&parent=1615"}],"wp:term":[{"taxonomy":"category","embeddable":true,"href":"https:\/\/diarioparanaense.com\/index.php?rest_route=%2Fwp%2Fv2%2Fcategories&post=1615"},{"taxonomy":"post_tag","embeddable":true,"href":"https:\/\/diarioparanaense.com\/index.php?rest_route=%2Fwp%2Fv2%2Ftags&post=1615"}],"curies":[{"name":"wp","href":"https:\/\/api.w.org\/{rel}","templated":true}]}}