{"id":1614,"date":"2023-11-21T14:18:05","date_gmt":"2023-11-21T17:18:05","guid":{"rendered":"https:\/\/diarioparanaense.com\/?p=1614"},"modified":"2023-11-21T14:19:03","modified_gmt":"2023-11-21T17:19:03","slug":"black-friday-da-vem-comeca-no-dia-20-com-descontos-de-15-a-70","status":"publish","type":"post","link":"https:\/\/diarioparanaense.com\/?p=1614","title":{"rendered":"Black Friday da VEM come\u00e7a no dia 20 com descontos de 15 a 70%"},"content":{"rendered":"\n<p class=\"has-medium-font-size\"><em>Como todos os anos, a data acontece na \u00faltima sexta-feira do m\u00eas de novembro, dia 24, mas a VEM j\u00e1 antecipa a promo\u00e7\u00e3o <\/em><em><\/em><\/p>\n\n\n\n<p>Neste ano, a <a href=\"https:\/\/www.mundovem.com.br\">VEM<\/a>, empresa refer\u00eancia na produ\u00e7\u00e3o de utens\u00edlios para food service e consumidor final, colocou em pr\u00e1tica a maior Black Friday da hist\u00f3ria da empresa. Os frutos da amplia\u00e7\u00e3o da VEM para o mercado B2C promoveram oportunidades \u00fanicas de desconto em linhas de destaque, al\u00e9m de frete gr\u00e1tis com algumas condi\u00e7\u00f5es.<\/p>\n\n\n\n<p>A partir do dia 20, come\u00e7a a Black Friday, com descontos de at\u00e9 70% em produtos selecionados, com condi\u00e7\u00f5es especiais de frete gr\u00e1tis para as regi\u00f5es Sul e Sudeste em compras a partir de R$ 299,00.<\/p>\n\n\n\n<p>Entre os destaques de produtos est\u00e3o ramequins, sopeiras, copos e pratos em polipropileno, totalmente livres de BPA e Ftalato, extremamente resistentes aos impactos e utiliz\u00e1veis em micro-ondas, freezer e geladeira.&nbsp;<\/p>\n\n\n\n<p><strong>Alguns diferenciais de produtos e linhas<\/strong><\/p>\n\n\n\n<p>&#8211; Resistentes \u00e0s temperaturas e aos impactos<\/p>\n\n\n\n<p>&#8211; Recicl\u00e1veis<\/p>\n\n\n\n<p>&#8211; Design marcante e formatos inteligentes, ideais para o empilhamento<\/p>\n\n\n\n<p>&#8211; Relevo inferior antiderrapante<\/p>\n\n\n\n<p>&#8211; As bordas que n\u00e3o permitem a passagem de ar<\/p>\n\n\n\n<p>&#8211; Sem cantos vivos, evitando o ac\u00famulo de sujeira e facilitando a higieniza\u00e7\u00e3o;<\/p>\n\n\n\n<p>&#8211; Os utens\u00edlios t\u00eam a certifica\u00e7\u00e3o da Falc\u00e3o Bauer, al\u00e9m de estarem em conformidade com a FDA e a Anvisa<\/p>\n\n\n\n<p>&#8211; Os produtos: n\u00e3o trincam, n\u00e3o lascam e n\u00e3o estilha\u00e7am<\/p>\n\n\n\n<p>&#8211; Linha Platinum em Silicone: resistente \u00e0s altas temperaturas, suportando at\u00e9 230\u00b0C; produtos que n\u00e3o contaminam os alimentos e s\u00e3o livres de subst\u00e2ncias cancer\u00edgenas, totalmente utiliz\u00e1veis no forno, micro-ondas e freezer<\/p>\n\n\n\n<p>&#8211; Linha Tend\u00eancia: inspirada nas cores da Pantone, itens resistentes e com design inovador<\/p>\n\n\n\n<p>&#8211; Linha Organize: itens compactos que permitem o empilhamento ideal, economizando espa\u00e7o. Livre de BPA e Ftalato, fatores que garantem a preserva\u00e7\u00e3o dos alimentos armazenados<\/p>\n\n\n\n<p><strong>A empresa VEM<\/strong><\/p>\n\n\n\n<p>Fundada em 2009, a empresa 100% brasileira conta com mais de 2 mil itens de silicone, polisulfona, policarbonato e polipropileno desenvolvidos para serem solu\u00e7\u00f5es econ\u00f4micas para o setor HORECA (como bares, hot\u00e9is, restaurantes, buffet, caf\u00e9s, padarias, confeitarias, lanchonetes, hospitais, sorveterias e a\u00e7aiterias), al\u00e9m do consumidor final.<\/p>\n\n\n\n<p>Al\u00e9m de oferecer produtos pr\u00e1ticos, com design arrojado e criativos, a VEM desenvolve solu\u00e7\u00f5es reais para as demandas do dia a dia, como produtos resistentes \u00e0s temperaturas e aos impactos, recicl\u00e1veis, com design marcante e formatos inteligentes, ideais para o empilhamento.<\/p>\n\n\n\n<p>Todos os utens\u00edlios t\u00eam a certifica\u00e7\u00e3o da Falc\u00e3o Bauer, al\u00e9m de estarem em conformidade com a FDA e a Anvisa. Isso significa que os produtos n\u00e3o contaminam os alimentos, garantindo mais seguran\u00e7a para todos.<\/p>\n\n\n\n<p>A VEM tamb\u00e9m est\u00e1 presente no Chile, Paraguai e Uruguai com embarques regulares de produtos das linhas para HoReCa (BHR). O pr\u00f3ximo passo, a m\u00e9dio e longo prazos, s\u00e3o os mercados-alvo mais maduros dos Estados Unidos e Europa.<\/p>\n\n\n\n<p>Mais informa\u00e7\u00f5es em <a href=\"http:\/\/www.mundovem.com.br\">www.mundovem.com.br<\/a>.<\/p>\n","protected":false},"excerpt":{"rendered":"<p>Como todos os anos, a data acontece na \u00faltima sexta-feira do m\u00eas de novembro, dia 24, mas a VEM j\u00e1 antecipa a promo\u00e7\u00e3o Neste ano, a VEM, empresa refer\u00eancia na produ\u00e7\u00e3o de utens\u00edlios para food service e consumidor final, colocou em pr\u00e1tica a maior Black Friday da hist\u00f3ria da empresa. Os frutos da amplia\u00e7\u00e3o da [&hellip;]<\/p>\n","protected":false},"author":1,"featured_media":1621,"comment_status":"open","ping_status":"open","sticky":false,"template":"","format":"standard","meta":{"footnotes":""},"categories":[324,21],"tags":[35],"class_list":["post-1614","post","type-post","status-publish","format-standard","has-post-thumbnail","hentry","category-negocios","category-news","tag-vem"],"_links":{"self":[{"href":"https:\/\/diarioparanaense.com\/index.php?rest_route=\/wp\/v2\/posts\/1614","targetHints":{"allow":["GET"]}}],"collection":[{"href":"https:\/\/diarioparanaense.com\/index.php?rest_route=\/wp\/v2\/posts"}],"about":[{"href":"https:\/\/diarioparanaense.com\/index.php?rest_route=\/wp\/v2\/types\/post"}],"author":[{"embeddable":true,"href":"https:\/\/diarioparanaense.com\/index.php?rest_route=\/wp\/v2\/users\/1"}],"replies":[{"embeddable":true,"href":"https:\/\/diarioparanaense.com\/index.php?rest_route=%2Fwp%2Fv2%2Fcomments&post=1614"}],"version-history":[{"count":1,"href":"https:\/\/diarioparanaense.com\/index.php?rest_route=\/wp\/v2\/posts\/1614\/revisions"}],"predecessor-version":[{"id":1616,"href":"https:\/\/diarioparanaense.com\/index.php?rest_route=\/wp\/v2\/posts\/1614\/revisions\/1616"}],"wp:featuredmedia":[{"embeddable":true,"href":"https:\/\/diarioparanaense.com\/index.php?rest_route=\/wp\/v2\/media\/1621"}],"wp:attachment":[{"href":"https:\/\/diarioparanaense.com\/index.php?rest_route=%2Fwp%2Fv2%2Fmedia&parent=1614"}],"wp:term":[{"taxonomy":"category","embeddable":true,"href":"https:\/\/diarioparanaense.com\/index.php?rest_route=%2Fwp%2Fv2%2Fcategories&post=1614"},{"taxonomy":"post_tag","embeddable":true,"href":"https:\/\/diarioparanaense.com\/index.php?rest_route=%2Fwp%2Fv2%2Ftags&post=1614"}],"curies":[{"name":"wp","href":"https:\/\/api.w.org\/{rel}","templated":true}]}}