{"id":1611,"date":"2023-11-17T14:32:19","date_gmt":"2023-11-17T17:32:19","guid":{"rendered":"https:\/\/diarioparanaense.com\/?p=1611"},"modified":"2023-11-17T14:55:09","modified_gmt":"2023-11-17T17:55:09","slug":"clube-curitibano-promove-peneira-de-basquete-2023","status":"publish","type":"post","link":"https:\/\/diarioparanaense.com\/?p=1611","title":{"rendered":"Clube Curitibano promove Peneira de Basquete 2023"},"content":{"rendered":"\n<p class=\"has-medium-font-size\">Seletiva busca captar jogadores com potencial em desenvolvimento<\/p>\n\n\n\n<p>No pr\u00f3ximo dia 19, o Clube Curitibano realizar\u00e1 uma seletiva de novos atletas para o time masculino de basquete. Crian\u00e7as e jovens nascidos entre 2007 e 2013 poder\u00e3o participar da sele\u00e7\u00e3o, sejam associados ou n\u00e3o.<\/p>\n\n\n\n<p>\u201cTemos altas expectativas para conseguir bons atletas para as equipes e para dar sequ\u00eancia ao trabalho que vem sendo realizado no clube de forma\u00e7\u00e3o. Al\u00e9m disso, queremos revelar os nossos atletas, dando subs\u00eddio para que se desenvolvam e, consequentemente, tenham bons resultados com as nossas equipes no cen\u00e1rio estadual e nacional\u201d, conta o coordenador de esportes do Clube Curitibano, Murilo Gasperin.<\/p>\n\n\n\n<p>As inscri\u00e7\u00f5es dever\u00e3o ser feitas atrav\u00e9s do link: <a href=\"https:\/\/docs.google.com\/forms\/d\/e\/1FAIpQLSeg8LvuhQ3vWO-_to7Dpk6mV-OGDozKel5BM-7cltjZqs6GZg\/viewform\">https:\/\/docs.google.com\/forms\/d\/e\/1FAIpQLSeg8LvuhQ3vWO-_to7Dpk6mV-OGDozKel5BM-7cltjZqs6GZg\/viewform<\/a><\/p>\n\n\n\n<p class=\"has-medium-font-size\">Servi\u00e7o<\/p>\n\n\n\n<p><strong>Data<\/strong>: 19 de novembro<br><strong>Hor\u00e1rio<\/strong>: para os nascidos em 2007\/2008, \u00e0s 14h; nascidos em 2009, \u00e0s 15h; nascidos em 2010, \u00e0s 15h45; nascidos em 2011, \u00e0s 16h30; e nascidos em 2012\/2013, \u00e0s 17h15<br><strong>Local<\/strong>: os testes ser\u00e3o realizados no gin\u00e1sio principal. O acesso ser\u00e1 pelo port\u00e3o lateral, na Rua Petit Carneiro, 970, \u00c1gua Verde\u00a0\u2013\u00a0Curitiba\/PR.<\/p>\n","protected":false},"excerpt":{"rendered":"<p>Seletiva busca captar jogadores com potencial em desenvolvimento No pr\u00f3ximo dia 19, o Clube Curitibano realizar\u00e1 uma seletiva de novos atletas para o time masculino de basquete. Crian\u00e7as e jovens nascidos entre 2007 e 2013 poder\u00e3o participar da sele\u00e7\u00e3o, sejam associados ou n\u00e3o. \u201cTemos altas expectativas para conseguir bons atletas para as equipes e para [&hellip;]<\/p>\n","protected":false},"author":1,"featured_media":1612,"comment_status":"open","ping_status":"open","sticky":false,"template":"","format":"standard","meta":{"footnotes":""},"categories":[159],"tags":[232],"class_list":["post-1611","post","type-post","status-publish","format-standard","has-post-thumbnail","hentry","category-esportes","tag-clube-curitibano"],"_links":{"self":[{"href":"https:\/\/diarioparanaense.com\/index.php?rest_route=\/wp\/v2\/posts\/1611","targetHints":{"allow":["GET"]}}],"collection":[{"href":"https:\/\/diarioparanaense.com\/index.php?rest_route=\/wp\/v2\/posts"}],"about":[{"href":"https:\/\/diarioparanaense.com\/index.php?rest_route=\/wp\/v2\/types\/post"}],"author":[{"embeddable":true,"href":"https:\/\/diarioparanaense.com\/index.php?rest_route=\/wp\/v2\/users\/1"}],"replies":[{"embeddable":true,"href":"https:\/\/diarioparanaense.com\/index.php?rest_route=%2Fwp%2Fv2%2Fcomments&post=1611"}],"version-history":[{"count":1,"href":"https:\/\/diarioparanaense.com\/index.php?rest_route=\/wp\/v2\/posts\/1611\/revisions"}],"predecessor-version":[{"id":1613,"href":"https:\/\/diarioparanaense.com\/index.php?rest_route=\/wp\/v2\/posts\/1611\/revisions\/1613"}],"wp:featuredmedia":[{"embeddable":true,"href":"https:\/\/diarioparanaense.com\/index.php?rest_route=\/wp\/v2\/media\/1612"}],"wp:attachment":[{"href":"https:\/\/diarioparanaense.com\/index.php?rest_route=%2Fwp%2Fv2%2Fmedia&parent=1611"}],"wp:term":[{"taxonomy":"category","embeddable":true,"href":"https:\/\/diarioparanaense.com\/index.php?rest_route=%2Fwp%2Fv2%2Fcategories&post=1611"},{"taxonomy":"post_tag","embeddable":true,"href":"https:\/\/diarioparanaense.com\/index.php?rest_route=%2Fwp%2Fv2%2Ftags&post=1611"}],"curies":[{"name":"wp","href":"https:\/\/api.w.org\/{rel}","templated":true}]}}